
{"id":114357,"date":"2023-12-18T09:43:29","date_gmt":"2023-12-18T12:43:29","guid":{"rendered":"https:\/\/www.sudoestehoje.com.br\/novoportal\/?p=114357"},"modified":"2023-12-18T09:43:29","modified_gmt":"2023-12-18T12:43:29","slug":"susto-itapetinga-principio-de-incendio-e-controlado-no-zoo-matinha-neste-domingo","status":"publish","type":"post","link":"https:\/\/www.sudoestehoje.com.br\/novoportal\/2023\/12\/18\/susto-itapetinga-principio-de-incendio-e-controlado-no-zoo-matinha-neste-domingo\/","title":{"rendered":"SUSTO ITAPETINGA | PRINC\u00cdPIO DE INC\u00caNDIO \u00c9 CONTROLADO NO ZOO MATINHA NESTE DOMINGO"},"content":{"rendered":"<p><img loading=\"lazy\" decoding=\"async\" class=\"alignnone  wp-image-114360\" src=\"https:\/\/www.sudoestehoje.com.br\/novoportal\/wp-content\/uploads\/2023\/12\/fogo-600x333.jpg\" alt=\"\" width=\"550\" height=\"305\" srcset=\"https:\/\/www.sudoestehoje.com.br\/novoportal\/wp-content\/uploads\/2023\/12\/fogo-600x333.jpg 600w, https:\/\/www.sudoestehoje.com.br\/novoportal\/wp-content\/uploads\/2023\/12\/fogo-700x389.jpg 700w, https:\/\/www.sudoestehoje.com.br\/novoportal\/wp-content\/uploads\/2023\/12\/fogo-768x427.jpg 768w, https:\/\/www.sudoestehoje.com.br\/novoportal\/wp-content\/uploads\/2023\/12\/fogo.jpg 898w\" sizes=\"auto, (max-width: 550px) 100vw, 550px\" \/><\/p>\n<p><strong>Um principio de inc\u00eandio foi registrado na manh\u00e3 deste domingo (17) no Zoo Matinha, em Itapetinga, sendo necess\u00e1rio a evacua\u00e7\u00e3o dos visitantes, por medida de seguran\u00e7a.<\/strong><\/p>\n<p><strong>De acordo com o Secret\u00e1rio do Meio Ambiente, F\u00e1bio Viana, respons\u00e1vel pala administra\u00e7\u00e3o do zool\u00f3gico, o fogo pode ter sido provocado pelo forte calor que afeta a regi\u00e3o, mas s\u00f3 atingiu parte da vegeta\u00e7\u00e3o rasteira do local, sem preju\u00edzo para a reserva de mata e a fauna que comp\u00f5e o parque zoo-bot\u00e2nico.<\/strong><\/p>\n<p><strong>Acionados de imediato, brigadistas da prefeitura debelaram as chamas com o uso de um carro pipa do pr\u00f3prio munic\u00edpio, que ainda n\u00e3o conta com Corpo de Bombeiros oficial.<\/strong><\/p>\n<p><strong>Por enquanto, s\u00f3 a promessa do governador&#8230;<\/strong><\/p>\n<p><strong>Por Davi Ferraz<\/strong><\/p>\n","protected":false},"excerpt":{"rendered":"<p>Um principio de inc\u00eandio foi registrado na manh\u00e3 deste domingo (17) no Zoo Matinha, em Itapetinga, sendo necess\u00e1rio a evacua\u00e7\u00e3o dos visitantes, por medida de seguran\u00e7a. De acordo com o Secret\u00e1rio do Meio Ambiente, F\u00e1bio Viana, respons\u00e1vel pala administra\u00e7\u00e3o do zool\u00f3gico, o fogo pode ter sido provocado pelo forte calor que afeta a regi\u00e3o, mas [&hellip;]<\/p>\n","protected":false},"author":2,"featured_media":114360,"comment_status":"closed","ping_status":"open","sticky":false,"template":"","format":"standard","meta":{"footnotes":"","_links_to":"","_links_to_target":""},"categories":[1],"tags":[],"class_list":["post-114357","post","type-post","status-publish","format-standard","has-post-thumbnail","hentry","category-geral"],"views":1265,"_links":{"self":[{"href":"https:\/\/www.sudoestehoje.com.br\/novoportal\/wp-json\/wp\/v2\/posts\/114357","targetHints":{"allow":["GET"]}}],"collection":[{"href":"https:\/\/www.sudoestehoje.com.br\/novoportal\/wp-json\/wp\/v2\/posts"}],"about":[{"href":"https:\/\/www.sudoestehoje.com.br\/novoportal\/wp-json\/wp\/v2\/types\/post"}],"author":[{"embeddable":true,"href":"https:\/\/www.sudoestehoje.com.br\/novoportal\/wp-json\/wp\/v2\/users\/2"}],"replies":[{"embeddable":true,"href":"https:\/\/www.sudoestehoje.com.br\/novoportal\/wp-json\/wp\/v2\/comments?post=114357"}],"version-history":[{"count":3,"href":"https:\/\/www.sudoestehoje.com.br\/novoportal\/wp-json\/wp\/v2\/posts\/114357\/revisions"}],"predecessor-version":[{"id":114361,"href":"https:\/\/www.sudoestehoje.com.br\/novoportal\/wp-json\/wp\/v2\/posts\/114357\/revisions\/114361"}],"wp:featuredmedia":[{"embeddable":true,"href":"https:\/\/www.sudoestehoje.com.br\/novoportal\/wp-json\/wp\/v2\/media\/114360"}],"wp:attachment":[{"href":"https:\/\/www.sudoestehoje.com.br\/novoportal\/wp-json\/wp\/v2\/media?parent=114357"}],"wp:term":[{"taxonomy":"category","embeddable":true,"href":"https:\/\/www.sudoestehoje.com.br\/novoportal\/wp-json\/wp\/v2\/categories?post=114357"},{"taxonomy":"post_tag","embeddable":true,"href":"https:\/\/www.sudoestehoje.com.br\/novoportal\/wp-json\/wp\/v2\/tags?post=114357"}],"curies":[{"name":"wp","href":"https:\/\/api.w.org\/{rel}","templated":true}]}}