
{"id":114334,"date":"2023-12-15T22:55:53","date_gmt":"2023-12-16T01:55:53","guid":{"rendered":"https:\/\/www.sudoestehoje.com.br\/novoportal\/?p=114334"},"modified":"2023-12-15T22:57:08","modified_gmt":"2023-12-16T01:57:08","slug":"sinal-de-tv-analogico-e-desligado-em-132-cidades-da-bahia-nesta-sexta-15","status":"publish","type":"post","link":"https:\/\/www.sudoestehoje.com.br\/novoportal\/2023\/12\/15\/sinal-de-tv-analogico-e-desligado-em-132-cidades-da-bahia-nesta-sexta-15\/","title":{"rendered":"SINAL DE TV ANAL\u00d3GICO \u00c9 DESLIGADO EM 132 CIDADES DA BAHIA NESTA SEXTA (15)"},"content":{"rendered":"<div id=\"chunk-7ho9k\">\n<div class=\"mc-column content-text active-extra-styles \" data-block-type=\"unstyled\" data-block-weight=\"30\" data-block-id=\"10\">\n<div id=\"chunk-3pibg\">\n<div class=\"mc-column content-text active-extra-styles \" data-block-type=\"unstyled\" data-block-weight=\"36\" data-block-id=\"2\">\n<p data-track-category=\"Link no Texto\" data-track-links=\"\"><img loading=\"lazy\" decoding=\"async\" class=\"alignnone wp-image-114338\" src=\"https:\/\/www.sudoestehoje.com.br\/novoportal\/wp-content\/uploads\/2023\/12\/apagao-tv-analogica_fixed_large-600x375.webp\" alt=\"\" width=\"548\" height=\"343\" srcset=\"https:\/\/www.sudoestehoje.com.br\/novoportal\/wp-content\/uploads\/2023\/12\/apagao-tv-analogica_fixed_large-600x375.webp 600w, https:\/\/www.sudoestehoje.com.br\/novoportal\/wp-content\/uploads\/2023\/12\/apagao-tv-analogica_fixed_large.webp 620w\" sizes=\"auto, (max-width: 548px) 100vw, 548px\" \/><\/p>\n<p class=\" content-text__container \" data-track-category=\"Link no Texto\" data-track-links=\"\"><strong>O sinal anal\u00f3gico de televis\u00e3o ser\u00e1 cortado em 132 cidades baianas nesta sexta-feira (15). A lista do Minist\u00e9rio das Comunica\u00e7\u00f5es inclui munic\u00edpios como\u00a0Cruz das Almas\u00a0e\u00a0Valen\u00e7a.\u00a0<em>[Confira a lista completa ao final da mat\u00e9ria]<\/em><\/strong><\/p>\n<\/div>\n<\/div>\n<div class=\"wall protected-content\">\n<div id=\"chunk-h6i0\">\n<div class=\"mc-column content-text active-extra-styles \" data-block-type=\"unstyled\" data-block-weight=\"10\" data-block-id=\"4\">\n<p class=\" content-text__container \" data-track-category=\"Link no Texto\" data-track-links=\"\"><strong>Em outras cidades, o desligamento ocorrer\u00e1 at\u00e9 30 de junho de 2025. Com isso, a popula\u00e7\u00e3o que ainda usa o sinal antigo precisar\u00e1 fazer ajustes para assistir aos programas de televis\u00e3o.<\/strong><\/p>\n<\/div>\n<\/div>\n<div id=\"chunk-9jpvo\">\n<div class=\"mc-column content-text active-extra-styles \" data-block-type=\"unstyled\" data-block-weight=\"26\" data-block-id=\"6\">\n<p class=\" content-text__container \" data-track-category=\"Link no Texto\" data-track-links=\"\"><strong>Se a TV tiver sinal digital, a sintonia ser\u00e1 autom\u00e1tica. Caso o equipamento seja de um modelo antigo, sem a tecnologia, ser\u00e1 preciso usar um conversor.<\/strong><\/p>\n<\/div>\n<\/div>\n<\/div>\n<p class=\" content-text__container \" data-track-category=\"Link no Texto\" data-track-links=\"\"><strong>A defini\u00e7\u00e3o para o desligamento foi publicada em portaria (n\u00ba 11476) do Minist\u00e9rio, no \u00faltimo dia 8 de dezembro. Por\u00e9m, a determina\u00e7\u00e3o para a suspens\u00e3o do sinal \u00e9 de 2015.<\/strong><\/p>\n<\/div>\n<\/div>\n<div id=\"chunk-11g59\">\n<div class=\"mc-column content-text active-extra-styles \" data-block-type=\"unstyled\" data-block-weight=\"40\" data-block-id=\"11\">\n<p class=\" content-text__container \" data-track-category=\"Link no Texto\" data-track-links=\"\"><strong>\u00c0 \u00e9poca, o\u00a0prazo para que o antigo sinal fosse encerrado\u00a0estava previsto para o fim deste ano. Por\u00e9m, houve um escalonamento e novos prazos foram estabelecidos \u00e0 medida que instalaram os equipamentos necess\u00e1rios para a opera\u00e7\u00e3o do sinal digital.<\/strong><\/p>\n<\/div>\n<\/div>\n<div id=\"chunk-3qjqt\">\n<div class=\"mc-column content-text active-extra-styles \" data-block-type=\"unstyled\" data-block-weight=\"30\" data-block-id=\"12\">\n<p class=\" content-text__container \" data-track-category=\"Link no Texto\" data-track-links=\"\"><strong>Salvador foi a primeira cidade do estado a receber a tecnologia digital, com melhorias na qualidade da imagem e do som.\u00a0Na capital, o sinal anal\u00f3gico foi desligado em 2017.<\/strong><\/p>\n<div id=\"chunk-95ov0\">\n<div class=\"mc-column content-text active-extra-styles\" data-block-type=\"raw\" data-block-weight=\"13\" data-block-id=\"14\">\n<div class=\"content-intertitle\">\n<h2><strong>Confira a lista com as cidades que perdem o sinal anal\u00f3gico nesta sexta:<\/strong><\/h2>\n<\/div>\n<\/div>\n<\/div>\n<div id=\"chunk-cv713\">\n<div class=\"mc-column content-text active-extra-styles\" data-block-type=\"raw\" data-block-weight=\"223\" data-block-id=\"15\">\n<ul class=\"content-unordered-list\">\n<li><strong>Ara\u00e7\u00e1s<\/strong><\/li>\n<li><strong>Aramari<\/strong><\/li>\n<li><strong>Arataca<\/strong><\/li>\n<li><strong>Aurelino Leal<\/strong><\/li>\n<li><strong>Banza\u00ea<\/strong><\/li>\n<li><strong>Barra do Rocha<\/strong><\/li>\n<li><strong>Barro Alto<\/strong><\/li>\n<li><strong>Barro Preto<\/strong><\/li>\n<li><strong>Barrocas<\/strong><\/li>\n<li><strong><a class=\"\" href=\"https:\/\/g1.globo.com\/ba\/bahia\/cidade\/belmonte-ba\/\">Belmonte<\/a><\/strong><\/li>\n<li><strong>Biritinga<\/strong><\/li>\n<li><strong>Boa Vista do Tupim<\/strong><\/li>\n<li><strong>Bom Jesus da Serra<\/strong><\/li>\n<li><strong>Boquira<\/strong><\/li>\n<li><strong>Buerarema<\/strong><\/li>\n<li><strong>Buritirama<\/strong><\/li>\n<li><strong><a class=\"\" href=\"https:\/\/g1.globo.com\/ba\/bahia\/cidade\/cachoeira-ba\/\">Cachoeira<\/a><\/strong><\/li>\n<li><strong>Caetanos<\/strong><\/li>\n<li><strong>Cafarnaum<\/strong><\/li>\n<li><strong>Candeal<\/strong><\/li>\n<li><strong>Candiba<\/strong><\/li>\n<li><strong>Capela do Alto Alegre<\/strong><\/li>\n<li><strong>Cara\u00edbas<\/strong><\/li>\n<li><strong>Castro Alves<\/strong><\/li>\n<li><strong>Catol\u00e2ndia<\/strong><\/li>\n<li><strong>Caturama<\/strong><\/li>\n<li><strong>Chorroch\u00f3<\/strong><\/li>\n<li><strong>Cip\u00f3<\/strong><\/li>\n<li><strong>Coaraci<\/strong><\/li>\n<li><strong>Concei\u00e7\u00e3o do Almeida<\/strong><\/li>\n<li><strong>Contendas do Sincor\u00e1<\/strong><\/li>\n<li><strong>Coronel Jo\u00e3o S\u00e1<\/strong><\/li>\n<li><strong>Cravol\u00e2ndia<\/strong><\/li>\n<li><strong>Cris\u00f3polis<\/strong><\/li>\n<li><strong>Crist\u00f3polis<\/strong><\/li>\n<li><strong>Cruz das Almas<\/strong><\/li>\n<li><strong>Cura\u00e7\u00e1<\/strong><\/li>\n<li><strong>D\u00e1rio Meira<\/strong><\/li>\n<li><strong>Dom Bas\u00edlio<\/strong><\/li>\n<li><strong>Dom Macedo Costa<\/strong><\/li>\n<li><strong>El\u00edsio Medrado<\/strong><\/li>\n<li><strong>Feira da Mata<\/strong><\/li>\n<li><strong>Formosa do Rio Preto<\/strong><\/li>\n<li><strong>Gl\u00f3ria<\/strong><\/li>\n<li><strong>Guajeru<\/strong><\/li>\n<li><strong>Ibicara\u00ed<\/strong><\/li>\n<li><strong>Ibipitanga<\/strong><\/li>\n<li><strong>Ibirapitanga<\/strong><\/li>\n<li><strong>Ibitiara<\/strong><\/li>\n<li><strong>Igapor\u00e3<\/strong><\/li>\n<li><strong>Igrapi\u00fana<\/strong><\/li>\n<li><strong>Itagua\u00e7u da Bahia<\/strong><\/li>\n<li><strong>Itaju do Col\u00f4nia<\/strong><\/li>\n<li><strong>Itaju\u00edpe<\/strong><\/li>\n<li><strong>Itapitanga<\/strong><\/li>\n<li><strong>Itatim<\/strong><\/li>\n<li><strong>Jiquiri\u00e7\u00e1<\/strong><\/li>\n<li><strong>Jita\u00fana<\/strong><\/li>\n<li><strong>Jo\u00e3o Dourado<\/strong><\/li>\n<li><strong>Jussari<\/strong><\/li>\n<li><strong><a class=\"\" href=\"https:\/\/g1.globo.com\/ba\/bahia\/cidade\/lafaiete-coutinho\/\">Lafaiete Coutinho<\/a><\/strong><\/li>\n<li><strong>Lagoa Real<\/strong><\/li>\n<li><strong>Laje<\/strong><\/li>\n<li><strong>Lajedo do Tabocal<\/strong><\/li>\n<li><strong>Lamar\u00e3o<\/strong><\/li>\n<li><strong>Lap\u00e3o<\/strong><\/li>\n<li><strong>Macurur\u00e9<\/strong><\/li>\n<li><strong>Maetinga<\/strong><\/li>\n<li><strong>Malhada<\/strong><\/li>\n<li><strong>Malhada de Pedras<\/strong><\/li>\n<li><strong><a class=\"\" href=\"https:\/\/g1.globo.com\/ba\/bahia\/cidade\/manoel-vitorino\/\">Manoel Vitorino<\/a><\/strong><\/li>\n<li><strong>Mansid\u00e3o<\/strong><\/li>\n<li><strong>Mara\u00fa<\/strong><\/li>\n<li><strong>Matina<\/strong><\/li>\n<li><strong>Mirangaba<\/strong><\/li>\n<li><strong>Mirante<\/strong><\/li>\n<li><strong>Mortugaba<\/strong><\/li>\n<li><strong><a class=\"\" href=\"https:\/\/g1.globo.com\/ba\/bahia\/cidade\/mucuge\/\">Mucug\u00ea<\/a><\/strong><\/li>\n<li><strong>Mulungu do Morro<\/strong><\/li>\n<li><strong>Muniz Ferreira<\/strong><\/li>\n<li><strong>Muqu\u00e9m do S\u00e3o Francisco<\/strong><\/li>\n<li><strong>Muritiba<\/strong><\/li>\n<li><strong>Nilo Pe\u00e7anha<\/strong><\/li>\n<li><strong>Nova Ibi\u00e1<\/strong><\/li>\n<li><strong>Nova Reden\u00e7\u00e3o<\/strong><\/li>\n<li><strong>Nova Soure<\/strong><\/li>\n<li><strong>Novo Horizonte<\/strong><\/li>\n<li><strong>Novo Triunfo<\/strong><\/li>\n<li><strong>Ourol\u00e2ndia<\/strong><\/li>\n<li><strong>Paratinga<\/strong><\/li>\n<li><strong>Pintadas<\/strong><\/li>\n<li><strong>Pojuca<\/strong><\/li>\n<li><strong>Ponto Novo<\/strong><\/li>\n<li><strong>Presidente Dutra<\/strong><\/li>\n<li><strong>Presidente Tancredo Neves<\/strong><\/li>\n<li><strong>Quixabeira<\/strong><\/li>\n<li><strong>Ribeir\u00e3o do Largo<\/strong><\/li>\n<li><strong>Rodelas<\/strong><\/li>\n<li><strong>Santa Terezinha<\/strong><\/li>\n<li><strong>Santana<\/strong><\/li>\n<li><strong>Santan\u00f3polis<\/strong><\/li>\n<li><strong>Santo Ant\u00f4nio de Jesus<\/strong><\/li>\n<li><strong>S\u00e3o Felipe<\/strong><\/li>\n<li><strong>S\u00e3o F\u00e9lix do Coribe<\/strong><\/li>\n<li><strong>S\u00e3o Gabriel<\/strong><\/li>\n<li><strong>S\u00e3o Jos\u00e9 da Vit\u00f3ria<\/strong><\/li>\n<\/ul>\n<\/div>\n<\/div>\n<\/div>\n<\/div>\n","protected":false},"excerpt":{"rendered":"<p>O sinal anal\u00f3gico de televis\u00e3o ser\u00e1 cortado em 132 cidades baianas nesta sexta-feira (15). A lista do Minist\u00e9rio das Comunica\u00e7\u00f5es inclui munic\u00edpios como\u00a0Cruz das Almas\u00a0e\u00a0Valen\u00e7a.\u00a0[Confira a lista completa ao final da mat\u00e9ria] Em outras cidades, o desligamento ocorrer\u00e1 at\u00e9 30 de junho de 2025. Com isso, a popula\u00e7\u00e3o que ainda usa o sinal antigo precisar\u00e1 [&hellip;]<\/p>\n","protected":false},"author":2,"featured_media":114338,"comment_status":"closed","ping_status":"open","sticky":false,"template":"","format":"standard","meta":{"footnotes":"","_links_to":"","_links_to_target":""},"categories":[1],"tags":[],"class_list":["post-114334","post","type-post","status-publish","format-standard","has-post-thumbnail","hentry","category-geral"],"views":881,"_links":{"self":[{"href":"https:\/\/www.sudoestehoje.com.br\/novoportal\/wp-json\/wp\/v2\/posts\/114334","targetHints":{"allow":["GET"]}}],"collection":[{"href":"https:\/\/www.sudoestehoje.com.br\/novoportal\/wp-json\/wp\/v2\/posts"}],"about":[{"href":"https:\/\/www.sudoestehoje.com.br\/novoportal\/wp-json\/wp\/v2\/types\/post"}],"author":[{"embeddable":true,"href":"https:\/\/www.sudoestehoje.com.br\/novoportal\/wp-json\/wp\/v2\/users\/2"}],"replies":[{"embeddable":true,"href":"https:\/\/www.sudoestehoje.com.br\/novoportal\/wp-json\/wp\/v2\/comments?post=114334"}],"version-history":[{"count":5,"href":"https:\/\/www.sudoestehoje.com.br\/novoportal\/wp-json\/wp\/v2\/posts\/114334\/revisions"}],"predecessor-version":[{"id":114340,"href":"https:\/\/www.sudoestehoje.com.br\/novoportal\/wp-json\/wp\/v2\/posts\/114334\/revisions\/114340"}],"wp:featuredmedia":[{"embeddable":true,"href":"https:\/\/www.sudoestehoje.com.br\/novoportal\/wp-json\/wp\/v2\/media\/114338"}],"wp:attachment":[{"href":"https:\/\/www.sudoestehoje.com.br\/novoportal\/wp-json\/wp\/v2\/media?parent=114334"}],"wp:term":[{"taxonomy":"category","embeddable":true,"href":"https:\/\/www.sudoestehoje.com.br\/novoportal\/wp-json\/wp\/v2\/categories?post=114334"},{"taxonomy":"post_tag","embeddable":true,"href":"https:\/\/www.sudoestehoje.com.br\/novoportal\/wp-json\/wp\/v2\/tags?post=114334"}],"curies":[{"name":"wp","href":"https:\/\/api.w.org\/{rel}","templated":true}]}}