
{"id":114301,"date":"2023-12-13T09:46:21","date_gmt":"2023-12-13T12:46:21","guid":{"rendered":"https:\/\/www.sudoestehoje.com.br\/novoportal\/?p=114301"},"modified":"2023-12-13T10:04:34","modified_gmt":"2023-12-13T13:04:34","slug":"comemoracoes-dos-71-anos-de-itapetinga-levou-multidao-ao-parque-da-lagoa","status":"publish","type":"post","link":"https:\/\/www.sudoestehoje.com.br\/novoportal\/2023\/12\/13\/comemoracoes-dos-71-anos-de-itapetinga-levou-multidao-ao-parque-da-lagoa\/","title":{"rendered":"COMEMORA\u00c7\u00c3O DOS 71 ANOS DE ITAPETINGA LEVOU MULTID\u00c3O AO PARQUE DA LAGOA"},"content":{"rendered":"<p><img loading=\"lazy\" decoding=\"async\" class=\"alignnone wp-image-114313\" src=\"https:\/\/www.sudoestehoje.com.br\/novoportal\/wp-content\/uploads\/2023\/12\/02aacf52-d2ab-4c64-b141-f361349397f1-600x338.jpg\" alt=\"\" width=\"549\" height=\"309\" srcset=\"https:\/\/www.sudoestehoje.com.br\/novoportal\/wp-content\/uploads\/2023\/12\/02aacf52-d2ab-4c64-b141-f361349397f1-600x338.jpg 600w, https:\/\/www.sudoestehoje.com.br\/novoportal\/wp-content\/uploads\/2023\/12\/02aacf52-d2ab-4c64-b141-f361349397f1-700x394.jpg 700w, https:\/\/www.sudoestehoje.com.br\/novoportal\/wp-content\/uploads\/2023\/12\/02aacf52-d2ab-4c64-b141-f361349397f1-768x432.jpg 768w, https:\/\/www.sudoestehoje.com.br\/novoportal\/wp-content\/uploads\/2023\/12\/02aacf52-d2ab-4c64-b141-f361349397f1.jpg 1280w\" sizes=\"auto, (max-width: 549px) 100vw, 549px\" \/><\/p>\n<p><strong>A programa\u00e7\u00e3o do 71\u00ba Anivers\u00e1rio de Itapetinga foi extensa e movimentou a cidade, desde as primeiras horas da manh\u00e3, com o hasteamento das bandeiras no Pa\u00e7o Municipal pelo prefeito Rodrigo Hagge, o vice Renan Pereira e o comandante da Guarda Municipal, missa na par\u00f3quia das Gra\u00e7as, inaugura\u00e7\u00f5es de obras p\u00fablicas, dentre outras atividades, com grande participa\u00e7\u00e3o popular.<\/strong><\/p>\n<p><img loading=\"lazy\" decoding=\"async\" class=\"alignnone wp-image-114311\" src=\"https:\/\/www.sudoestehoje.com.br\/novoportal\/wp-content\/uploads\/2023\/12\/WhatsApp-Image-2023-12-13-at-09.22.15-600x338.jpeg\" alt=\"\" width=\"549\" height=\"309\" srcset=\"https:\/\/www.sudoestehoje.com.br\/novoportal\/wp-content\/uploads\/2023\/12\/WhatsApp-Image-2023-12-13-at-09.22.15-600x338.jpeg 600w, https:\/\/www.sudoestehoje.com.br\/novoportal\/wp-content\/uploads\/2023\/12\/WhatsApp-Image-2023-12-13-at-09.22.15-700x394.jpeg 700w, https:\/\/www.sudoestehoje.com.br\/novoportal\/wp-content\/uploads\/2023\/12\/WhatsApp-Image-2023-12-13-at-09.22.15-768x432.jpeg 768w, https:\/\/www.sudoestehoje.com.br\/novoportal\/wp-content\/uploads\/2023\/12\/WhatsApp-Image-2023-12-13-at-09.22.15-1536x865.jpeg 1536w, https:\/\/www.sudoestehoje.com.br\/novoportal\/wp-content\/uploads\/2023\/12\/WhatsApp-Image-2023-12-13-at-09.22.15.jpeg 1600w\" sizes=\"auto, (max-width: 549px) 100vw, 549px\" \/><\/p>\n<p><strong>Para fechar a festa com &#8216;<em>chave de ouro<\/em>&#8216;, foi realizada a tradicional MARCHA PARA JESUS, onde milhares de pessoas participaram em caminhada no longo percurso entre as C<\/strong><strong>asas Populares, na Nova Itapetinga, e o Parque Poliesportivo da Lagoa, onde uma multid\u00e3o pode assistir ao show da cantora gospel Cassiane, com muita vibra\u00e7\u00e3o, evento promovido pela prefeitura de Itapetinga em parceria com a OMEI.<\/strong><\/p>\n<p><img loading=\"lazy\" decoding=\"async\" class=\"alignnone wp-image-114309\" src=\"https:\/\/www.sudoestehoje.com.br\/novoportal\/wp-content\/uploads\/2023\/12\/WhatsApp-Image-2023-12-13-at-09.21.36-600x338.jpeg\" alt=\"\" width=\"550\" height=\"310\" srcset=\"https:\/\/www.sudoestehoje.com.br\/novoportal\/wp-content\/uploads\/2023\/12\/WhatsApp-Image-2023-12-13-at-09.21.36-600x338.jpeg 600w, https:\/\/www.sudoestehoje.com.br\/novoportal\/wp-content\/uploads\/2023\/12\/WhatsApp-Image-2023-12-13-at-09.21.36-700x394.jpeg 700w, https:\/\/www.sudoestehoje.com.br\/novoportal\/wp-content\/uploads\/2023\/12\/WhatsApp-Image-2023-12-13-at-09.21.36-768x432.jpeg 768w, https:\/\/www.sudoestehoje.com.br\/novoportal\/wp-content\/uploads\/2023\/12\/WhatsApp-Image-2023-12-13-at-09.21.36-1536x864.jpeg 1536w, https:\/\/www.sudoestehoje.com.br\/novoportal\/wp-content\/uploads\/2023\/12\/WhatsApp-Image-2023-12-13-at-09.21.36.jpeg 1600w\" sizes=\"auto, (max-width: 550px) 100vw, 550px\" \/><\/p>\n<p><strong>Foi uma verdadeira apoteose, que emocionou uma multid\u00e3o de mais de 10 mil pessoas, evang\u00e9licos e n\u00e3o evang\u00e9licos, de Itapetinga e cidades vizinhas.<\/strong><\/p>\n\n\t\t<style type=\"text\/css\">\n\t\t\t#gallery-1 {\n\t\t\t\tmargin: auto;\n\t\t\t}\n\t\t\t#gallery-1 .gallery-item {\n\t\t\t\tfloat: left;\n\t\t\t\tmargin-top: 10px;\n\t\t\t\ttext-align: center;\n\t\t\t\twidth: 33%;\n\t\t\t}\n\t\t\t#gallery-1 img {\n\t\t\t\tborder: 2px solid #cfcfcf;\n\t\t\t}\n\t\t\t#gallery-1 .gallery-caption {\n\t\t\t\tmargin-left: 0;\n\t\t\t}\n\t\t\t\/* see gallery_shortcode() in wp-includes\/media.php *\/\n\t\t<\/style>\n\t\t<div id='gallery-1' class='gallery galleryid-114301 gallery-columns-3 gallery-size-thumbnail'><dl class='gallery-item'>\n\t\t\t<dt class='gallery-icon landscape'>\n\t\t\t\t<a href='https:\/\/www.sudoestehoje.com.br\/novoportal\/2023\/12\/13\/comemoracoes-dos-71-anos-de-itapetinga-levou-multidao-ao-parque-da-lagoa\/whatsapp-image-2023-12-13-at-09-21-36-2\/'><img loading=\"lazy\" decoding=\"async\" width=\"150\" height=\"150\" src=\"https:\/\/www.sudoestehoje.com.br\/novoportal\/wp-content\/uploads\/2023\/12\/WhatsApp-Image-2023-12-13-at-09.21.36-1-150x150.jpeg\" class=\"attachment-thumbnail size-thumbnail\" alt=\"\" \/><\/a>\n\t\t\t<\/dt><\/dl><dl class='gallery-item'>\n\t\t\t<dt class='gallery-icon landscape'>\n\t\t\t\t<a href='https:\/\/www.sudoestehoje.com.br\/novoportal\/2023\/12\/13\/comemoracoes-dos-71-anos-de-itapetinga-levou-multidao-ao-parque-da-lagoa\/whatsapp-image-2023-12-13-at-09-19-42\/'><img loading=\"lazy\" decoding=\"async\" width=\"150\" height=\"150\" src=\"https:\/\/www.sudoestehoje.com.br\/novoportal\/wp-content\/uploads\/2023\/12\/WhatsApp-Image-2023-12-13-at-09.19.42-150x150.jpeg\" class=\"attachment-thumbnail size-thumbnail\" alt=\"\" \/><\/a>\n\t\t\t<\/dt><\/dl><dl class='gallery-item'>\n\t\t\t<dt class='gallery-icon landscape'>\n\t\t\t\t<a href='https:\/\/www.sudoestehoje.com.br\/novoportal\/2023\/12\/13\/comemoracoes-dos-71-anos-de-itapetinga-levou-multidao-ao-parque-da-lagoa\/whatsapp-image-2023-12-13-at-09-18-26-2\/'><img loading=\"lazy\" decoding=\"async\" width=\"150\" height=\"150\" src=\"https:\/\/www.sudoestehoje.com.br\/novoportal\/wp-content\/uploads\/2023\/12\/WhatsApp-Image-2023-12-13-at-09.18.26-1-150x150.jpeg\" class=\"attachment-thumbnail size-thumbnail\" alt=\"\" \/><\/a>\n\t\t\t<\/dt><\/dl><br style=\"clear: both\" \/><dl class='gallery-item'>\n\t\t\t<dt class='gallery-icon landscape'>\n\t\t\t\t<a href='https:\/\/www.sudoestehoje.com.br\/novoportal\/2023\/12\/13\/comemoracoes-dos-71-anos-de-itapetinga-levou-multidao-ao-parque-da-lagoa\/whatsapp-image-2023-12-13-at-09-21-01\/'><img loading=\"lazy\" decoding=\"async\" width=\"150\" height=\"150\" src=\"https:\/\/www.sudoestehoje.com.br\/novoportal\/wp-content\/uploads\/2023\/12\/WhatsApp-Image-2023-12-13-at-09.21.01-150x150.jpeg\" class=\"attachment-thumbnail size-thumbnail\" alt=\"\" \/><\/a>\n\t\t\t<\/dt><\/dl><dl class='gallery-item'>\n\t\t\t<dt class='gallery-icon landscape'>\n\t\t\t\t<a href='https:\/\/www.sudoestehoje.com.br\/novoportal\/2023\/12\/13\/comemoracoes-dos-71-anos-de-itapetinga-levou-multidao-ao-parque-da-lagoa\/e6d47996-2ff8-4dc7-b8ac-ab23012637b1\/'><img loading=\"lazy\" decoding=\"async\" width=\"150\" height=\"150\" src=\"https:\/\/www.sudoestehoje.com.br\/novoportal\/wp-content\/uploads\/2023\/12\/e6d47996-2ff8-4dc7-b8ac-ab23012637b1-150x150.jpg\" class=\"attachment-thumbnail size-thumbnail\" alt=\"\" \/><\/a>\n\t\t\t<\/dt><\/dl><dl class='gallery-item'>\n\t\t\t<dt class='gallery-icon landscape'>\n\t\t\t\t<a href='https:\/\/www.sudoestehoje.com.br\/novoportal\/2023\/12\/13\/comemoracoes-dos-71-anos-de-itapetinga-levou-multidao-ao-parque-da-lagoa\/f3ca965e-78f9-408b-863e-d43f22449e8f-1\/'><img loading=\"lazy\" decoding=\"async\" width=\"150\" height=\"150\" src=\"https:\/\/www.sudoestehoje.com.br\/novoportal\/wp-content\/uploads\/2023\/12\/f3ca965e-78f9-408b-863e-d43f22449e8f-1-150x150.jpg\" class=\"attachment-thumbnail size-thumbnail\" alt=\"\" \/><\/a>\n\t\t\t<\/dt><\/dl><br style=\"clear: both\" \/><dl class='gallery-item'>\n\t\t\t<dt class='gallery-icon landscape'>\n\t\t\t\t<a href='https:\/\/www.sudoestehoje.com.br\/novoportal\/2023\/12\/13\/comemoracoes-dos-71-anos-de-itapetinga-levou-multidao-ao-parque-da-lagoa\/whatsapp-image-2023-12-13-at-09-24-04\/'><img loading=\"lazy\" decoding=\"async\" width=\"150\" height=\"150\" src=\"https:\/\/www.sudoestehoje.com.br\/novoportal\/wp-content\/uploads\/2023\/12\/WhatsApp-Image-2023-12-13-at-09.24.04-150x150.jpeg\" class=\"attachment-thumbnail size-thumbnail\" alt=\"\" \/><\/a>\n\t\t\t<\/dt><\/dl><dl class='gallery-item'>\n\t\t\t<dt class='gallery-icon landscape'>\n\t\t\t\t<a href='https:\/\/www.sudoestehoje.com.br\/novoportal\/2023\/12\/13\/comemoracoes-dos-71-anos-de-itapetinga-levou-multidao-ao-parque-da-lagoa\/whatsapp-image-2023-12-13-at-00-37-20\/'><img loading=\"lazy\" decoding=\"async\" width=\"150\" height=\"150\" src=\"https:\/\/www.sudoestehoje.com.br\/novoportal\/wp-content\/uploads\/2023\/12\/WhatsApp-Image-2023-12-13-at-00.37.20-150x150.jpeg\" class=\"attachment-thumbnail size-thumbnail\" alt=\"\" \/><\/a>\n\t\t\t<\/dt><\/dl><dl class='gallery-item'>\n\t\t\t<dt class='gallery-icon landscape'>\n\t\t\t\t<a href='https:\/\/www.sudoestehoje.com.br\/novoportal\/2023\/12\/13\/comemoracoes-dos-71-anos-de-itapetinga-levou-multidao-ao-parque-da-lagoa\/70bca347-69a7-4669-a653-cf1842478322\/'><img loading=\"lazy\" decoding=\"async\" width=\"150\" height=\"150\" src=\"https:\/\/www.sudoestehoje.com.br\/novoportal\/wp-content\/uploads\/2023\/12\/70bca347-69a7-4669-a653-cf1842478322-150x150.jpg\" class=\"attachment-thumbnail size-thumbnail\" alt=\"\" \/><\/a>\n\t\t\t<\/dt><\/dl><br style=\"clear: both\" \/>\n\t\t<\/div>\n\n<p><em><strong>Por Davi Ferraz &#8211; Fotos: Sudoeste Hoje e <span style=\"color: #0000ff;\">@ droneh.h<\/span><\/strong><\/em><\/p>\n","protected":false},"excerpt":{"rendered":"<p>A programa\u00e7\u00e3o do 71\u00ba Anivers\u00e1rio de Itapetinga foi extensa e movimentou a cidade, desde as primeiras horas da manh\u00e3, com o hasteamento das bandeiras no Pa\u00e7o Municipal pelo prefeito Rodrigo Hagge, o vice Renan Pereira e o comandante da Guarda Municipal, missa na par\u00f3quia das Gra\u00e7as, inaugura\u00e7\u00f5es de obras p\u00fablicas, dentre outras atividades, com grande [&hellip;]<\/p>\n","protected":false},"author":2,"featured_media":114313,"comment_status":"closed","ping_status":"open","sticky":false,"template":"","format":"standard","meta":{"footnotes":"","_links_to":"","_links_to_target":""},"categories":[1],"tags":[],"class_list":["post-114301","post","type-post","status-publish","format-standard","has-post-thumbnail","hentry","category-geral"],"views":1662,"_links":{"self":[{"href":"https:\/\/www.sudoestehoje.com.br\/novoportal\/wp-json\/wp\/v2\/posts\/114301","targetHints":{"allow":["GET"]}}],"collection":[{"href":"https:\/\/www.sudoestehoje.com.br\/novoportal\/wp-json\/wp\/v2\/posts"}],"about":[{"href":"https:\/\/www.sudoestehoje.com.br\/novoportal\/wp-json\/wp\/v2\/types\/post"}],"author":[{"embeddable":true,"href":"https:\/\/www.sudoestehoje.com.br\/novoportal\/wp-json\/wp\/v2\/users\/2"}],"replies":[{"embeddable":true,"href":"https:\/\/www.sudoestehoje.com.br\/novoportal\/wp-json\/wp\/v2\/comments?post=114301"}],"version-history":[{"count":7,"href":"https:\/\/www.sudoestehoje.com.br\/novoportal\/wp-json\/wp\/v2\/posts\/114301\/revisions"}],"predecessor-version":[{"id":114322,"href":"https:\/\/www.sudoestehoje.com.br\/novoportal\/wp-json\/wp\/v2\/posts\/114301\/revisions\/114322"}],"wp:featuredmedia":[{"embeddable":true,"href":"https:\/\/www.sudoestehoje.com.br\/novoportal\/wp-json\/wp\/v2\/media\/114313"}],"wp:attachment":[{"href":"https:\/\/www.sudoestehoje.com.br\/novoportal\/wp-json\/wp\/v2\/media?parent=114301"}],"wp:term":[{"taxonomy":"category","embeddable":true,"href":"https:\/\/www.sudoestehoje.com.br\/novoportal\/wp-json\/wp\/v2\/categories?post=114301"},{"taxonomy":"post_tag","embeddable":true,"href":"https:\/\/www.sudoestehoje.com.br\/novoportal\/wp-json\/wp\/v2\/tags?post=114301"}],"curies":[{"name":"wp","href":"https:\/\/api.w.org\/{rel}","templated":true}]}}