
{"id":114292,"date":"2023-12-11T17:06:11","date_gmt":"2023-12-11T20:06:11","guid":{"rendered":"https:\/\/www.sudoestehoje.com.br\/novoportal\/?p=114292"},"modified":"2023-12-11T17:58:04","modified_gmt":"2023-12-11T20:58:04","slug":"parabens-itapetinga-comemora-71-anos-de-emancipacao-politica-nesta-terca-12","status":"publish","type":"post","link":"https:\/\/www.sudoestehoje.com.br\/novoportal\/2023\/12\/11\/parabens-itapetinga-comemora-71-anos-de-emancipacao-politica-nesta-terca-12\/","title":{"rendered":"PARAB\u00c9NS! ITAPETINGA COMEMORA 71 ANOS DE EMANCIPA\u00c7\u00c3O POL\u00cdTICA NESTA TER\u00c7A (12)"},"content":{"rendered":"<p><img loading=\"lazy\" decoding=\"async\" class=\"alignnone wp-image-114293\" src=\"https:\/\/www.sudoestehoje.com.br\/novoportal\/wp-content\/uploads\/2023\/12\/27ce3fea-aa1c-4702-887a-e758b39d3ad5-600x747.jpg\" alt=\"\" width=\"550\" height=\"685\" srcset=\"https:\/\/www.sudoestehoje.com.br\/novoportal\/wp-content\/uploads\/2023\/12\/27ce3fea-aa1c-4702-887a-e758b39d3ad5-600x747.jpg 600w, https:\/\/www.sudoestehoje.com.br\/novoportal\/wp-content\/uploads\/2023\/12\/27ce3fea-aa1c-4702-887a-e758b39d3ad5-700x872.jpg 700w, https:\/\/www.sudoestehoje.com.br\/novoportal\/wp-content\/uploads\/2023\/12\/27ce3fea-aa1c-4702-887a-e758b39d3ad5-768x957.jpg 768w, https:\/\/www.sudoestehoje.com.br\/novoportal\/wp-content\/uploads\/2023\/12\/27ce3fea-aa1c-4702-887a-e758b39d3ad5.jpg 1079w\" sizes=\"auto, (max-width: 550px) 100vw, 550px\" \/><\/p>\n<p><strong>Nesta ter\u00e7a-feira, 12 de Dezembro, o munic\u00edpio de Itapetinga, no M\u00e9dio Sudoeste Baiano, comemora seus 71 anos de emancipa\u00e7\u00e3o pol\u00edtica.\u00a0<\/strong><\/p>\n<p><strong>Conhecida como a &#8216;Capital Baiana da Pecu\u00e1ria&#8217;, Itapetinga \u00e9 um dos mais importantes munic\u00edpios da Bahia, que cresce e se desenvolve ao longo da sua hist\u00f3ria, com muito vigor, mesmo nos tempos mais dif\u00edceis de retra\u00e7\u00e3o na economia nacional e descaso dos governantes estaduais, sempre ausentes e omissos em suas demandas e necessidades.<\/strong><\/p>\n<p><img loading=\"lazy\" decoding=\"async\" class=\"alignnone  wp-image-114297\" src=\"https:\/\/www.sudoestehoje.com.br\/novoportal\/wp-content\/uploads\/2023\/12\/ITAPETINGA-FOTO-GAZINHO-1-600x600.jpg\" alt=\"\" width=\"551\" height=\"551\" srcset=\"https:\/\/www.sudoestehoje.com.br\/novoportal\/wp-content\/uploads\/2023\/12\/ITAPETINGA-FOTO-GAZINHO-1-600x600.jpg 600w, https:\/\/www.sudoestehoje.com.br\/novoportal\/wp-content\/uploads\/2023\/12\/ITAPETINGA-FOTO-GAZINHO-1-700x700.jpg 700w, https:\/\/www.sudoestehoje.com.br\/novoportal\/wp-content\/uploads\/2023\/12\/ITAPETINGA-FOTO-GAZINHO-1-150x150.jpg 150w, https:\/\/www.sudoestehoje.com.br\/novoportal\/wp-content\/uploads\/2023\/12\/ITAPETINGA-FOTO-GAZINHO-1-768x768.jpg 768w, https:\/\/www.sudoestehoje.com.br\/novoportal\/wp-content\/uploads\/2023\/12\/ITAPETINGA-FOTO-GAZINHO-1.jpg 895w\" sizes=\"auto, (max-width: 551px) 100vw, 551px\" \/><\/p>\n<p><strong>Apesar disto, a atual gest\u00e3o do prefeito Rodrigo Hagge tem conquistado in\u00fameras vit\u00f3rias no campo do seu desenvolvimento econ\u00f4mico e social, recuperando o status de munic\u00edpio polo de uma regi\u00e3o reconhecidamente importante no contexto baiano e nordestino, no campo da pecu\u00e1ria, ind\u00fastria, com\u00e9rcio e servi\u00e7os.<\/strong><\/p>\n<p><strong>PARAB\u00c9NS ITAPETINGA!<\/strong><\/p>\n<p><strong>Davi Ferraz &#8211; Editor<\/strong><\/p>\n","protected":false},"excerpt":{"rendered":"<p>Nesta ter\u00e7a-feira, 12 de Dezembro, o munic\u00edpio de Itapetinga, no M\u00e9dio Sudoeste Baiano, comemora seus 71 anos de emancipa\u00e7\u00e3o pol\u00edtica.\u00a0 Conhecida como a &#8216;Capital Baiana da Pecu\u00e1ria&#8217;, Itapetinga \u00e9 um dos mais importantes munic\u00edpios da Bahia, que cresce e se desenvolve ao longo da sua hist\u00f3ria, com muito vigor, mesmo nos tempos mais dif\u00edceis de [&hellip;]<\/p>\n","protected":false},"author":2,"featured_media":114293,"comment_status":"closed","ping_status":"open","sticky":false,"template":"","format":"standard","meta":{"footnotes":"","_links_to":"","_links_to_target":""},"categories":[1],"tags":[],"class_list":["post-114292","post","type-post","status-publish","format-standard","has-post-thumbnail","hentry","category-geral"],"views":2056,"_links":{"self":[{"href":"https:\/\/www.sudoestehoje.com.br\/novoportal\/wp-json\/wp\/v2\/posts\/114292","targetHints":{"allow":["GET"]}}],"collection":[{"href":"https:\/\/www.sudoestehoje.com.br\/novoportal\/wp-json\/wp\/v2\/posts"}],"about":[{"href":"https:\/\/www.sudoestehoje.com.br\/novoportal\/wp-json\/wp\/v2\/types\/post"}],"author":[{"embeddable":true,"href":"https:\/\/www.sudoestehoje.com.br\/novoportal\/wp-json\/wp\/v2\/users\/2"}],"replies":[{"embeddable":true,"href":"https:\/\/www.sudoestehoje.com.br\/novoportal\/wp-json\/wp\/v2\/comments?post=114292"}],"version-history":[{"count":5,"href":"https:\/\/www.sudoestehoje.com.br\/novoportal\/wp-json\/wp\/v2\/posts\/114292\/revisions"}],"predecessor-version":[{"id":114300,"href":"https:\/\/www.sudoestehoje.com.br\/novoportal\/wp-json\/wp\/v2\/posts\/114292\/revisions\/114300"}],"wp:featuredmedia":[{"embeddable":true,"href":"https:\/\/www.sudoestehoje.com.br\/novoportal\/wp-json\/wp\/v2\/media\/114293"}],"wp:attachment":[{"href":"https:\/\/www.sudoestehoje.com.br\/novoportal\/wp-json\/wp\/v2\/media?parent=114292"}],"wp:term":[{"taxonomy":"category","embeddable":true,"href":"https:\/\/www.sudoestehoje.com.br\/novoportal\/wp-json\/wp\/v2\/categories?post=114292"},{"taxonomy":"post_tag","embeddable":true,"href":"https:\/\/www.sudoestehoje.com.br\/novoportal\/wp-json\/wp\/v2\/tags?post=114292"}],"curies":[{"name":"wp","href":"https:\/\/api.w.org\/{rel}","templated":true}]}}