
{"id":114280,"date":"2023-12-10T00:01:18","date_gmt":"2023-12-10T03:01:18","guid":{"rendered":"https:\/\/www.sudoestehoje.com.br\/novoportal\/?p=114280"},"modified":"2023-12-11T09:21:18","modified_gmt":"2023-12-11T12:21:18","slug":"cotidiano-cavalinho-esperando-o-dono-no-parque-da-lagoa","status":"publish","type":"post","link":"https:\/\/www.sudoestehoje.com.br\/novoportal\/2023\/12\/10\/cotidiano-cavalinho-esperando-o-dono-no-parque-da-lagoa\/","title":{"rendered":"COTIDIANO | CAVALINHO ESPERANDO O DONO NO PARQUE DA LAGOA"},"content":{"rendered":"<p><img loading=\"lazy\" decoding=\"async\" class=\"alignnone wp-image-114281\" src=\"https:\/\/www.sudoestehoje.com.br\/novoportal\/wp-content\/uploads\/2023\/12\/WhatsApp-Image-2023-12-09-at-23.58.29-600x338.jpeg\" alt=\"\" width=\"549\" height=\"309\" srcset=\"https:\/\/www.sudoestehoje.com.br\/novoportal\/wp-content\/uploads\/2023\/12\/WhatsApp-Image-2023-12-09-at-23.58.29-600x338.jpeg 600w, https:\/\/www.sudoestehoje.com.br\/novoportal\/wp-content\/uploads\/2023\/12\/WhatsApp-Image-2023-12-09-at-23.58.29-700x394.jpeg 700w, https:\/\/www.sudoestehoje.com.br\/novoportal\/wp-content\/uploads\/2023\/12\/WhatsApp-Image-2023-12-09-at-23.58.29-768x432.jpeg 768w, https:\/\/www.sudoestehoje.com.br\/novoportal\/wp-content\/uploads\/2023\/12\/WhatsApp-Image-2023-12-09-at-23.58.29.jpeg 1156w\" sizes=\"auto, (max-width: 549px) 100vw, 549px\" \/><\/p>\n<p><strong>A presen\u00e7a de cavalheiros e suas montarias no Parque Poliesportivo da Lagoa \u00e9 comum e corriqueiro, afinal de contas Itapetinga \u00e9 a &#8216;Capital Baiana da Pecu\u00e1ria&#8217; e os vaqueiros fazem parte desse contexto.<\/strong><\/p>\n<p><strong>Como o parque \u00e9 p\u00fablico e democr\u00e1tico, o cavalinho tamb\u00e9m \u00e9 bem vindo.<\/strong><\/p>\n<p><strong>Reda\u00e7\u00e3o SH<\/strong><\/p>\n","protected":false},"excerpt":{"rendered":"<p>A presen\u00e7a de cavalheiros e suas montarias no Parque Poliesportivo da Lagoa \u00e9 comum e corriqueiro, afinal de contas Itapetinga \u00e9 a &#8216;Capital Baiana da Pecu\u00e1ria&#8217; e os vaqueiros fazem parte desse contexto. Como o parque \u00e9 p\u00fablico e democr\u00e1tico, o cavalinho tamb\u00e9m \u00e9 bem vindo. Reda\u00e7\u00e3o SH<\/p>\n","protected":false},"author":2,"featured_media":114281,"comment_status":"closed","ping_status":"open","sticky":false,"template":"","format":"standard","meta":{"footnotes":"","_links_to":"","_links_to_target":""},"categories":[1],"tags":[],"class_list":["post-114280","post","type-post","status-publish","format-standard","has-post-thumbnail","hentry","category-geral"],"views":1943,"_links":{"self":[{"href":"https:\/\/www.sudoestehoje.com.br\/novoportal\/wp-json\/wp\/v2\/posts\/114280","targetHints":{"allow":["GET"]}}],"collection":[{"href":"https:\/\/www.sudoestehoje.com.br\/novoportal\/wp-json\/wp\/v2\/posts"}],"about":[{"href":"https:\/\/www.sudoestehoje.com.br\/novoportal\/wp-json\/wp\/v2\/types\/post"}],"author":[{"embeddable":true,"href":"https:\/\/www.sudoestehoje.com.br\/novoportal\/wp-json\/wp\/v2\/users\/2"}],"replies":[{"embeddable":true,"href":"https:\/\/www.sudoestehoje.com.br\/novoportal\/wp-json\/wp\/v2\/comments?post=114280"}],"version-history":[{"count":2,"href":"https:\/\/www.sudoestehoje.com.br\/novoportal\/wp-json\/wp\/v2\/posts\/114280\/revisions"}],"predecessor-version":[{"id":114287,"href":"https:\/\/www.sudoestehoje.com.br\/novoportal\/wp-json\/wp\/v2\/posts\/114280\/revisions\/114287"}],"wp:featuredmedia":[{"embeddable":true,"href":"https:\/\/www.sudoestehoje.com.br\/novoportal\/wp-json\/wp\/v2\/media\/114281"}],"wp:attachment":[{"href":"https:\/\/www.sudoestehoje.com.br\/novoportal\/wp-json\/wp\/v2\/media?parent=114280"}],"wp:term":[{"taxonomy":"category","embeddable":true,"href":"https:\/\/www.sudoestehoje.com.br\/novoportal\/wp-json\/wp\/v2\/categories?post=114280"},{"taxonomy":"post_tag","embeddable":true,"href":"https:\/\/www.sudoestehoje.com.br\/novoportal\/wp-json\/wp\/v2\/tags?post=114280"}],"curies":[{"name":"wp","href":"https:\/\/api.w.org\/{rel}","templated":true}]}}