
{"id":11428,"date":"2011-12-22T21:30:27","date_gmt":"2011-12-23T00:30:27","guid":{"rendered":"http:\/\/www.sudoestehoje.com.br\/novoportal\/?p=11428"},"modified":"2011-12-22T21:30:27","modified_gmt":"2011-12-23T00:30:27","slug":"seis-vereadores-de-mucuri-sao-presos-por-extorsao","status":"publish","type":"post","link":"https:\/\/www.sudoestehoje.com.br\/novoportal\/2011\/12\/22\/seis-vereadores-de-mucuri-sao-presos-por-extorsao\/","title":{"rendered":"SEIS VEREADORES DE MUCURI S\u00c3O PRESOS POR EXTORS\u00c3O"},"content":{"rendered":"<p style=\"text-align: center;\"><img decoding=\"async\" class=\"aligncenter\" src=\"http:\/\/www.portaln3.com.br\/teixeiradefreitas\/wp-content\/uploads\/2011\/12\/prisaocaribe0.jpg\" alt=\"\" width=\"500\" \/><\/p>\n<p style=\"text-align: center;\"><em><strong>Minist\u00e9rio P\u00fablico pediu a pris\u00e3o dos vereadores<\/strong><\/em><\/p>\n<p>MUCURI: Uma opera\u00e7\u00e3o policial do Minist\u00e9rio P\u00fablico prendeu tr\u00eas vereadores dos munic\u00edpios de Mucuri, localizado no extremo-sul baiano, na manh\u00e3 desta quinta-feira (22), segundo informa\u00e7\u00f5es da assessoria de comunica\u00e7\u00e3o do MP. Intitulada de &#8216;Opera\u00e7\u00e3o Caribe&#8217;,\u00a0a a\u00e7\u00e3o da Pol\u00edcia Civil, Militar\/Companhia de Policiamento Especializado da Mata Atl\u00e2ntica (Cipe) e do Minist\u00e9rio P\u00fablico tem o objetivo de desmontar um esquema de corrup\u00e7\u00e3o existente na C\u00e2mara de Vereadores de Mucuri com empres\u00e1rios do ramo imobili\u00e1rio no munic\u00edpio, localizado a 985 quil\u00f4metros de Salvador.<\/p>\n<p>De acordo com a assessoria do MP, pelo menos seis vereadores da cidade teriam recebido grandes quantias de dinheiro e im\u00f3veis como forma de pagamento para os parlamentares aprovarem e apressarem a vota\u00e7\u00e3o de um projeto de lei que beneficiaria o setor.<\/p>\n<p>Sete mandados de pris\u00e3o preventiva foram expedidos pelo Minist\u00e9rio P\u00fablico baiano, e tr\u00eas dos nove vereadores de Mucuri foram presos, entre eles o presidente da C\u00e2mara de Vereadores de Mucuri, Carlos Gon\u00e7alves de Souza. Tamb\u00e9m foi preso pela pol\u00edcia um empres\u00e1rio do ramo imobili\u00e1rio de Nova Vi\u00e7osa e Mucuri, Arlei Francisco Vescov.<\/p>\n<p>O esquema fraudulento consistia no pagamento total de R$ 25 mil a cada parlamentar, ou o pagamento em dinheiro de R$ 5 mil mais um lote.<\/p>\n<p>\u201cComo havia fortes ind\u00edcios de corrup\u00e7\u00e3o ativa, solicitamos de imediato os mandados de pris\u00e3o e de busca e apreens\u00e3o\u201d, destaca a promotora de Justi\u00e7a titular de Mucuri, Milena Moreschi.<\/p>\n<p>Ainda est\u00e3o foragidos os vereadores Roberto Alves dos Santos, M\u00e1rcio de Jesus Machado e Wilson Pereira Cabral. Os quatro presos v\u00e3o ser encaminhados para a sede da Pol\u00edcia Civil do munic\u00edpio de Teixeira de Freitas, onde devem permanecer \u00e0 disposi\u00e7\u00e3o da Justi\u00e7a.<\/p>\n<p><em><strong>Correio<\/strong><\/em><\/p>\n","protected":false},"excerpt":{"rendered":"<p>Minist\u00e9rio P\u00fablico pediu a pris\u00e3o dos vereadores MUCURI: Uma opera\u00e7\u00e3o policial do Minist\u00e9rio P\u00fablico prendeu tr\u00eas vereadores dos munic\u00edpios de Mucuri, localizado no extremo-sul baiano, na manh\u00e3 desta quinta-feira (22), segundo informa\u00e7\u00f5es da assessoria de comunica\u00e7\u00e3o do MP. Intitulada de &#8216;Opera\u00e7\u00e3o Caribe&#8217;,\u00a0a a\u00e7\u00e3o da Pol\u00edcia Civil, Militar\/Companhia de Policiamento Especializado da Mata Atl\u00e2ntica (Cipe) e [&hellip;]<\/p>\n","protected":false},"author":2,"featured_media":0,"comment_status":"open","ping_status":"open","sticky":false,"template":"","format":"standard","meta":{"footnotes":"","_links_to":"","_links_to_target":""},"categories":[1],"tags":[],"class_list":["post-11428","post","type-post","status-publish","format-standard","hentry","category-geral"],"views":1179,"_links":{"self":[{"href":"https:\/\/www.sudoestehoje.com.br\/novoportal\/wp-json\/wp\/v2\/posts\/11428","targetHints":{"allow":["GET"]}}],"collection":[{"href":"https:\/\/www.sudoestehoje.com.br\/novoportal\/wp-json\/wp\/v2\/posts"}],"about":[{"href":"https:\/\/www.sudoestehoje.com.br\/novoportal\/wp-json\/wp\/v2\/types\/post"}],"author":[{"embeddable":true,"href":"https:\/\/www.sudoestehoje.com.br\/novoportal\/wp-json\/wp\/v2\/users\/2"}],"replies":[{"embeddable":true,"href":"https:\/\/www.sudoestehoje.com.br\/novoportal\/wp-json\/wp\/v2\/comments?post=11428"}],"version-history":[{"count":2,"href":"https:\/\/www.sudoestehoje.com.br\/novoportal\/wp-json\/wp\/v2\/posts\/11428\/revisions"}],"predecessor-version":[{"id":11430,"href":"https:\/\/www.sudoestehoje.com.br\/novoportal\/wp-json\/wp\/v2\/posts\/11428\/revisions\/11430"}],"wp:attachment":[{"href":"https:\/\/www.sudoestehoje.com.br\/novoportal\/wp-json\/wp\/v2\/media?parent=11428"}],"wp:term":[{"taxonomy":"category","embeddable":true,"href":"https:\/\/www.sudoestehoje.com.br\/novoportal\/wp-json\/wp\/v2\/categories?post=11428"},{"taxonomy":"post_tag","embeddable":true,"href":"https:\/\/www.sudoestehoje.com.br\/novoportal\/wp-json\/wp\/v2\/tags?post=11428"}],"curies":[{"name":"wp","href":"https:\/\/api.w.org\/{rel}","templated":true}]}}