
{"id":114274,"date":"2023-12-09T23:21:11","date_gmt":"2023-12-10T02:21:11","guid":{"rendered":"https:\/\/www.sudoestehoje.com.br\/novoportal\/?p=114274"},"modified":"2023-12-09T23:44:55","modified_gmt":"2023-12-10T02:44:55","slug":"itapetinga-foco-de-incendio-atinge-mata-proxima-ao-loteamento-turmalina","status":"publish","type":"post","link":"https:\/\/www.sudoestehoje.com.br\/novoportal\/2023\/12\/09\/itapetinga-foco-de-incendio-atinge-mata-proxima-ao-loteamento-turmalina\/","title":{"rendered":"ITAPETINGA | FOCO DE INC\u00caNDIO ATINGE MATA PR\u00d3XIMA AO LOTEAMENTO TURMALINA"},"content":{"rendered":"<p><img loading=\"lazy\" decoding=\"async\" class=\"alignnone wp-image-114276\" src=\"https:\/\/www.sudoestehoje.com.br\/novoportal\/wp-content\/uploads\/2023\/12\/WhatsApp-Image-2023-12-09-at-23.02.48-600x387.jpeg\" alt=\"\" width=\"549\" height=\"354\" srcset=\"https:\/\/www.sudoestehoje.com.br\/novoportal\/wp-content\/uploads\/2023\/12\/WhatsApp-Image-2023-12-09-at-23.02.48-600x387.jpeg 600w, https:\/\/www.sudoestehoje.com.br\/novoportal\/wp-content\/uploads\/2023\/12\/WhatsApp-Image-2023-12-09-at-23.02.48-700x452.jpeg 700w, https:\/\/www.sudoestehoje.com.br\/novoportal\/wp-content\/uploads\/2023\/12\/WhatsApp-Image-2023-12-09-at-23.02.48-768x496.jpeg 768w, https:\/\/www.sudoestehoje.com.br\/novoportal\/wp-content\/uploads\/2023\/12\/WhatsApp-Image-2023-12-09-at-23.02.48.jpeg 869w\" sizes=\"auto, (max-width: 549px) 100vw, 549px\" \/><\/p>\n<p><strong>Mais um foco de inc\u00eandio foi detectado pela Defesa Civil de Itapetinga, na tarde deste s\u00e1bado, em uma \u00e1rea remanescente da Mata Atl\u00e2ntica, nas proximidades do Loteamento Turmalina.<\/strong><\/p>\n<p><strong>Ap\u00f3s receber a informa\u00e7\u00e3o, um carro pipa da prefeitura foi deslocado para a \u00e1rea do inc\u00eandio, controlando as chamas que amea\u00e7avam destruir toda a \u00e1rea de mata.<\/strong><\/p>\n<p><strong>Neste per\u00edodo de seca e calor intenso, os focos de inc\u00eandio surgem a todo instante, em Itapetinga e regi\u00e3o. As pastagens secas s\u00e3o o combust\u00edvel, bastando uma fa\u00edsca para o mato e capim pegarem fogo.\u00a0<\/strong><\/p>\n<p><strong>Itapetinga e cidades do M\u00e9dio Sudoeste da Bahia ainda n\u00e3o contam com nenhuma unidade do Corpo de Bombeiros Militar do Estado.<\/strong><\/p>\n<p><strong>Reda\u00e7\u00e3o SH<\/strong><\/p>\n","protected":false},"excerpt":{"rendered":"<p>Mais um foco de inc\u00eandio foi detectado pela Defesa Civil de Itapetinga, na tarde deste s\u00e1bado, em uma \u00e1rea remanescente da Mata Atl\u00e2ntica, nas proximidades do Loteamento Turmalina. Ap\u00f3s receber a informa\u00e7\u00e3o, um carro pipa da prefeitura foi deslocado para a \u00e1rea do inc\u00eandio, controlando as chamas que amea\u00e7avam destruir toda a \u00e1rea de mata. [&hellip;]<\/p>\n","protected":false},"author":2,"featured_media":114276,"comment_status":"closed","ping_status":"open","sticky":false,"template":"","format":"standard","meta":{"footnotes":"","_links_to":"","_links_to_target":""},"categories":[1],"tags":[],"class_list":["post-114274","post","type-post","status-publish","format-standard","has-post-thumbnail","hentry","category-geral"],"views":1255,"_links":{"self":[{"href":"https:\/\/www.sudoestehoje.com.br\/novoportal\/wp-json\/wp\/v2\/posts\/114274","targetHints":{"allow":["GET"]}}],"collection":[{"href":"https:\/\/www.sudoestehoje.com.br\/novoportal\/wp-json\/wp\/v2\/posts"}],"about":[{"href":"https:\/\/www.sudoestehoje.com.br\/novoportal\/wp-json\/wp\/v2\/types\/post"}],"author":[{"embeddable":true,"href":"https:\/\/www.sudoestehoje.com.br\/novoportal\/wp-json\/wp\/v2\/users\/2"}],"replies":[{"embeddable":true,"href":"https:\/\/www.sudoestehoje.com.br\/novoportal\/wp-json\/wp\/v2\/comments?post=114274"}],"version-history":[{"count":5,"href":"https:\/\/www.sudoestehoje.com.br\/novoportal\/wp-json\/wp\/v2\/posts\/114274\/revisions"}],"predecessor-version":[{"id":114284,"href":"https:\/\/www.sudoestehoje.com.br\/novoportal\/wp-json\/wp\/v2\/posts\/114274\/revisions\/114284"}],"wp:featuredmedia":[{"embeddable":true,"href":"https:\/\/www.sudoestehoje.com.br\/novoportal\/wp-json\/wp\/v2\/media\/114276"}],"wp:attachment":[{"href":"https:\/\/www.sudoestehoje.com.br\/novoportal\/wp-json\/wp\/v2\/media?parent=114274"}],"wp:term":[{"taxonomy":"category","embeddable":true,"href":"https:\/\/www.sudoestehoje.com.br\/novoportal\/wp-json\/wp\/v2\/categories?post=114274"},{"taxonomy":"post_tag","embeddable":true,"href":"https:\/\/www.sudoestehoje.com.br\/novoportal\/wp-json\/wp\/v2\/tags?post=114274"}],"curies":[{"name":"wp","href":"https:\/\/api.w.org\/{rel}","templated":true}]}}