
{"id":114264,"date":"2023-12-09T10:52:59","date_gmt":"2023-12-09T13:52:59","guid":{"rendered":"https:\/\/www.sudoestehoje.com.br\/novoportal\/?p=114264"},"modified":"2023-12-09T22:54:37","modified_gmt":"2023-12-10T01:54:37","slug":"itapetinga-tem-comercio-movimentado-na-manha-deste-sabado","status":"publish","type":"post","link":"https:\/\/www.sudoestehoje.com.br\/novoportal\/2023\/12\/09\/itapetinga-tem-comercio-movimentado-na-manha-deste-sabado\/","title":{"rendered":"ITAPETINGA TEM COM\u00c9RCIO MOVIMENTADO NA MANH\u00c3 DESTE S\u00c1BADO"},"content":{"rendered":"\r\n<p><img loading=\"lazy\" decoding=\"async\" class=\"alignnone  wp-image-114271\" src=\"https:\/\/www.sudoestehoje.com.br\/novoportal\/wp-content\/uploads\/2023\/12\/WhatsApp-Image-2023-12-09-at-22.49.54-600x338.jpeg\" alt=\"\" width=\"549\" height=\"309\" srcset=\"https:\/\/www.sudoestehoje.com.br\/novoportal\/wp-content\/uploads\/2023\/12\/WhatsApp-Image-2023-12-09-at-22.49.54-600x338.jpeg 600w, https:\/\/www.sudoestehoje.com.br\/novoportal\/wp-content\/uploads\/2023\/12\/WhatsApp-Image-2023-12-09-at-22.49.54-700x394.jpeg 700w, https:\/\/www.sudoestehoje.com.br\/novoportal\/wp-content\/uploads\/2023\/12\/WhatsApp-Image-2023-12-09-at-22.49.54-768x432.jpeg 768w, https:\/\/www.sudoestehoje.com.br\/novoportal\/wp-content\/uploads\/2023\/12\/WhatsApp-Image-2023-12-09-at-22.49.54-1536x865.jpeg 1536w, https:\/\/www.sudoestehoje.com.br\/novoportal\/wp-content\/uploads\/2023\/12\/WhatsApp-Image-2023-12-09-at-22.49.54.jpeg 1600w\" sizes=\"auto, (max-width: 549px) 100vw, 549px\" \/><\/p>\r\n<p><strong>Com a proximidade do Natal e a libera\u00e7\u00e3o da primeira parcela do d\u00e9cimo terceiro sal\u00e1rio, o com\u00e9rcio de Itapetinga ganhou f\u00f4lego e vem reagindo, depois de um longo per\u00edodo de paradeiro.<\/strong><\/p>\r\n<p><strong>Neste s\u00e1bado, o centro comercial da cidade apresentou uma boa movimenta\u00e7\u00e3o, antecipando a previs\u00e3o de que teremos boas festas e boas vendas neste final de ano.<\/strong><\/p>\r\n<p><strong>\r\n\r\n\r\n\r\n\r\n\r\n<\/strong><\/p>\r\n<p><strong>Reda\u00e7\u00e3o SH<\/strong><\/p>\r\n","protected":false},"excerpt":{"rendered":"<p>Com a proximidade do Natal e a libera\u00e7\u00e3o da primeira parcela do d\u00e9cimo terceiro sal\u00e1rio, o com\u00e9rcio de Itapetinga ganhou f\u00f4lego e vem reagindo, depois de um longo per\u00edodo de paradeiro. Neste s\u00e1bado, o centro comercial da cidade apresentou uma boa movimenta\u00e7\u00e3o, antecipando a previs\u00e3o de que teremos boas festas e boas vendas neste final [&hellip;]<\/p>\n","protected":false},"author":2,"featured_media":114271,"comment_status":"closed","ping_status":"open","sticky":false,"template":"","format":"standard","meta":{"footnotes":"","_links_to":"","_links_to_target":""},"categories":[1],"tags":[],"class_list":["post-114264","post","type-post","status-publish","format-standard","has-post-thumbnail","hentry","category-geral"],"views":1363,"_links":{"self":[{"href":"https:\/\/www.sudoestehoje.com.br\/novoportal\/wp-json\/wp\/v2\/posts\/114264","targetHints":{"allow":["GET"]}}],"collection":[{"href":"https:\/\/www.sudoestehoje.com.br\/novoportal\/wp-json\/wp\/v2\/posts"}],"about":[{"href":"https:\/\/www.sudoestehoje.com.br\/novoportal\/wp-json\/wp\/v2\/types\/post"}],"author":[{"embeddable":true,"href":"https:\/\/www.sudoestehoje.com.br\/novoportal\/wp-json\/wp\/v2\/users\/2"}],"replies":[{"embeddable":true,"href":"https:\/\/www.sudoestehoje.com.br\/novoportal\/wp-json\/wp\/v2\/comments?post=114264"}],"version-history":[{"count":4,"href":"https:\/\/www.sudoestehoje.com.br\/novoportal\/wp-json\/wp\/v2\/posts\/114264\/revisions"}],"predecessor-version":[{"id":114285,"href":"https:\/\/www.sudoestehoje.com.br\/novoportal\/wp-json\/wp\/v2\/posts\/114264\/revisions\/114285"}],"wp:featuredmedia":[{"embeddable":true,"href":"https:\/\/www.sudoestehoje.com.br\/novoportal\/wp-json\/wp\/v2\/media\/114271"}],"wp:attachment":[{"href":"https:\/\/www.sudoestehoje.com.br\/novoportal\/wp-json\/wp\/v2\/media?parent=114264"}],"wp:term":[{"taxonomy":"category","embeddable":true,"href":"https:\/\/www.sudoestehoje.com.br\/novoportal\/wp-json\/wp\/v2\/categories?post=114264"},{"taxonomy":"post_tag","embeddable":true,"href":"https:\/\/www.sudoestehoje.com.br\/novoportal\/wp-json\/wp\/v2\/tags?post=114264"}],"curies":[{"name":"wp","href":"https:\/\/api.w.org\/{rel}","templated":true}]}}