
{"id":114254,"date":"2023-12-08T19:45:55","date_gmt":"2023-12-08T22:45:55","guid":{"rendered":"https:\/\/www.sudoestehoje.com.br\/novoportal\/?p=114254"},"modified":"2023-12-08T22:46:53","modified_gmt":"2023-12-09T01:46:53","slug":"urgente-queimada-nas-margens-da-ba-263-nas-proximidades-do-trevo-da-lagoa","status":"publish","type":"post","link":"https:\/\/www.sudoestehoje.com.br\/novoportal\/2023\/12\/08\/urgente-queimada-nas-margens-da-ba-263-nas-proximidades-do-trevo-da-lagoa\/","title":{"rendered":"URGENTE ! QUEIMADA \u00c0S MARGENS DA BA-263 NAS PROXIMIDADES DO TREVO DA LAGOA"},"content":{"rendered":"\r\n<figure class=\"wp-block-image size-large\"><img loading=\"lazy\" decoding=\"async\" class=\"alignnone  wp-image-114260\" src=\"https:\/\/www.sudoestehoje.com.br\/novoportal\/wp-content\/uploads\/2023\/12\/WhatsApp-Image-2023-12-08-at-19.58.09-600x338.jpeg\" alt=\"\" width=\"547\" height=\"308\" srcset=\"https:\/\/www.sudoestehoje.com.br\/novoportal\/wp-content\/uploads\/2023\/12\/WhatsApp-Image-2023-12-08-at-19.58.09-600x338.jpeg 600w, https:\/\/www.sudoestehoje.com.br\/novoportal\/wp-content\/uploads\/2023\/12\/WhatsApp-Image-2023-12-08-at-19.58.09-700x394.jpeg 700w, https:\/\/www.sudoestehoje.com.br\/novoportal\/wp-content\/uploads\/2023\/12\/WhatsApp-Image-2023-12-08-at-19.58.09-768x432.jpeg 768w, https:\/\/www.sudoestehoje.com.br\/novoportal\/wp-content\/uploads\/2023\/12\/WhatsApp-Image-2023-12-08-at-19.58.09-1536x865.jpeg 1536w, https:\/\/www.sudoestehoje.com.br\/novoportal\/wp-content\/uploads\/2023\/12\/WhatsApp-Image-2023-12-08-at-19.58.09.jpeg 1600w\" sizes=\"auto, (max-width: 547px) 100vw, 547px\" \/><\/figure>\r\n\r\n\r\n\r\n<p><strong>Um inc\u00eandio de grandes propor\u00e7\u00f5es acontece, neste instante, em uma \u00e1rea n\u00e3o habitada do bairro Quintas do Sul, pr\u00f3xima ao trevo da Lagoa, em Itapetinga.<\/strong><\/p>\r\n<p><strong>\r\n\r\n<\/strong><\/p>\r\n<p><strong>A \u00e1rea \u00e9 toda de pastagem, margeando a pista da BA-263.<\/strong><\/p>\r\n<p><strong>\r\n\r\n<\/strong><\/p>\r\n<p><strong>O inc\u00eandio se alastra com rapidez, podendo alcan\u00e7ar algumas casas e um dep\u00f3sito de madeira no entroncamento de Macarani.<\/strong><\/p>\r\n<p><strong>\r\n\r\n<\/strong><\/p>\r\n<p><strong>O fumaceiro tomou conta da pista, podendo causar acidente na rodovia.<\/strong><\/p>\r\n\n\t\t<style type=\"text\/css\">\n\t\t\t#gallery-1 {\n\t\t\t\tmargin: auto;\n\t\t\t}\n\t\t\t#gallery-1 .gallery-item {\n\t\t\t\tfloat: left;\n\t\t\t\tmargin-top: 10px;\n\t\t\t\ttext-align: center;\n\t\t\t\twidth: 33%;\n\t\t\t}\n\t\t\t#gallery-1 img {\n\t\t\t\tborder: 2px solid #cfcfcf;\n\t\t\t}\n\t\t\t#gallery-1 .gallery-caption {\n\t\t\t\tmargin-left: 0;\n\t\t\t}\n\t\t\t\/* see gallery_shortcode() in wp-includes\/media.php *\/\n\t\t<\/style>\n\t\t<div id='gallery-1' class='gallery galleryid-114254 gallery-columns-3 gallery-size-thumbnail'><dl class='gallery-item'>\n\t\t\t<dt class='gallery-icon landscape'>\n\t\t\t\t<a href='https:\/\/www.sudoestehoje.com.br\/novoportal\/2023\/12\/08\/urgente-queimada-nas-margens-da-ba-263-nas-proximidades-do-trevo-da-lagoa\/whatsapp-image-2023-12-08-at-19-58-09-1\/'><img loading=\"lazy\" decoding=\"async\" width=\"150\" height=\"150\" src=\"https:\/\/www.sudoestehoje.com.br\/novoportal\/wp-content\/uploads\/2023\/12\/WhatsApp-Image-2023-12-08-at-19.58.09-1-150x150.jpeg\" class=\"attachment-thumbnail size-thumbnail\" alt=\"\" \/><\/a>\n\t\t\t<\/dt><\/dl><dl class='gallery-item'>\n\t\t\t<dt class='gallery-icon landscape'>\n\t\t\t\t<a href='https:\/\/www.sudoestehoje.com.br\/novoportal\/2023\/12\/08\/urgente-queimada-nas-margens-da-ba-263-nas-proximidades-do-trevo-da-lagoa\/whatsapp-image-2023-12-08-at-19-58-09-2\/'><img loading=\"lazy\" decoding=\"async\" width=\"150\" height=\"150\" src=\"https:\/\/www.sudoestehoje.com.br\/novoportal\/wp-content\/uploads\/2023\/12\/WhatsApp-Image-2023-12-08-at-19.58.09-2-150x150.jpeg\" class=\"attachment-thumbnail size-thumbnail\" alt=\"\" \/><\/a>\n\t\t\t<\/dt><\/dl><dl class='gallery-item'>\n\t\t\t<dt class='gallery-icon landscape'>\n\t\t\t\t<a href='https:\/\/www.sudoestehoje.com.br\/novoportal\/2023\/12\/08\/urgente-queimada-nas-margens-da-ba-263-nas-proximidades-do-trevo-da-lagoa\/whatsapp-image-2023-12-08-at-19-58-10\/'><img loading=\"lazy\" decoding=\"async\" width=\"150\" height=\"150\" src=\"https:\/\/www.sudoestehoje.com.br\/novoportal\/wp-content\/uploads\/2023\/12\/WhatsApp-Image-2023-12-08-at-19.58.10-150x150.jpeg\" class=\"attachment-thumbnail size-thumbnail\" alt=\"\" \/><\/a>\n\t\t\t<\/dt><\/dl><br style=\"clear: both\" \/>\n\t\t<\/div>\n\r\n<p><strong>\r\n\r\n<\/strong><\/p>\r\n<p><strong>Reda\u00e7\u00e3o SH<\/strong><\/p>\r\n","protected":false},"excerpt":{"rendered":"<p>Um inc\u00eandio de grandes propor\u00e7\u00f5es acontece, neste instante, em uma \u00e1rea n\u00e3o habitada do bairro Quintas do Sul, pr\u00f3xima ao trevo da Lagoa, em Itapetinga. A \u00e1rea \u00e9 toda de pastagem, margeando a pista da BA-263. O inc\u00eandio se alastra com rapidez, podendo alcan\u00e7ar algumas casas e um dep\u00f3sito de madeira no entroncamento de Macarani. [&hellip;]<\/p>\n","protected":false},"author":2,"featured_media":114260,"comment_status":"closed","ping_status":"open","sticky":false,"template":"","format":"standard","meta":{"footnotes":"","_links_to":"","_links_to_target":""},"categories":[1],"tags":[],"class_list":["post-114254","post","type-post","status-publish","format-standard","has-post-thumbnail","hentry","category-geral"],"views":1548,"_links":{"self":[{"href":"https:\/\/www.sudoestehoje.com.br\/novoportal\/wp-json\/wp\/v2\/posts\/114254","targetHints":{"allow":["GET"]}}],"collection":[{"href":"https:\/\/www.sudoestehoje.com.br\/novoportal\/wp-json\/wp\/v2\/posts"}],"about":[{"href":"https:\/\/www.sudoestehoje.com.br\/novoportal\/wp-json\/wp\/v2\/types\/post"}],"author":[{"embeddable":true,"href":"https:\/\/www.sudoestehoje.com.br\/novoportal\/wp-json\/wp\/v2\/users\/2"}],"replies":[{"embeddable":true,"href":"https:\/\/www.sudoestehoje.com.br\/novoportal\/wp-json\/wp\/v2\/comments?post=114254"}],"version-history":[{"count":5,"href":"https:\/\/www.sudoestehoje.com.br\/novoportal\/wp-json\/wp\/v2\/posts\/114254\/revisions"}],"predecessor-version":[{"id":114263,"href":"https:\/\/www.sudoestehoje.com.br\/novoportal\/wp-json\/wp\/v2\/posts\/114254\/revisions\/114263"}],"wp:featuredmedia":[{"embeddable":true,"href":"https:\/\/www.sudoestehoje.com.br\/novoportal\/wp-json\/wp\/v2\/media\/114260"}],"wp:attachment":[{"href":"https:\/\/www.sudoestehoje.com.br\/novoportal\/wp-json\/wp\/v2\/media?parent=114254"}],"wp:term":[{"taxonomy":"category","embeddable":true,"href":"https:\/\/www.sudoestehoje.com.br\/novoportal\/wp-json\/wp\/v2\/categories?post=114254"},{"taxonomy":"post_tag","embeddable":true,"href":"https:\/\/www.sudoestehoje.com.br\/novoportal\/wp-json\/wp\/v2\/tags?post=114254"}],"curies":[{"name":"wp","href":"https:\/\/api.w.org\/{rel}","templated":true}]}}