
{"id":114240,"date":"2023-12-07T20:12:23","date_gmt":"2023-12-07T23:12:23","guid":{"rendered":"https:\/\/www.sudoestehoje.com.br\/novoportal\/?p=114240"},"modified":"2023-12-07T20:12:54","modified_gmt":"2023-12-07T23:12:54","slug":"comercio-de-itapetinga-funcionara-em-horario-especial-no-periodo-do-natal","status":"publish","type":"post","link":"https:\/\/www.sudoestehoje.com.br\/novoportal\/2023\/12\/07\/comercio-de-itapetinga-funcionara-em-horario-especial-no-periodo-do-natal\/","title":{"rendered":"COM\u00c9RCIO DE ITAPETINGA FUNCIONAR\u00c1 EM HOR\u00c1RIO ESPECIAL NO PER\u00cdODO DO NATAL"},"content":{"rendered":"<p><img loading=\"lazy\" decoding=\"async\" class=\"alignnone wp-image-114241\" src=\"https:\/\/www.sudoestehoje.com.br\/novoportal\/wp-content\/uploads\/2023\/12\/cdl-600x600.jpg\" alt=\"\" width=\"550\" height=\"550\" srcset=\"https:\/\/www.sudoestehoje.com.br\/novoportal\/wp-content\/uploads\/2023\/12\/cdl-600x600.jpg 600w, https:\/\/www.sudoestehoje.com.br\/novoportal\/wp-content\/uploads\/2023\/12\/cdl-700x700.jpg 700w, https:\/\/www.sudoestehoje.com.br\/novoportal\/wp-content\/uploads\/2023\/12\/cdl-150x150.jpg 150w, https:\/\/www.sudoestehoje.com.br\/novoportal\/wp-content\/uploads\/2023\/12\/cdl-768x768.jpg 768w, https:\/\/www.sudoestehoje.com.br\/novoportal\/wp-content\/uploads\/2023\/12\/cdl.jpg 1080w\" sizes=\"auto, (max-width: 550px) 100vw, 550px\" \/><\/p>\n<p><strong>A C\u00e2mara de Dirigentes Lojistas de Itapetinga e o Sindicato dos Empregados do Com\u00e9rcio de Itapetinga e Itoror\u00f3 firmam acordo para o Funcionamento em Hor\u00e1rio Especial do Com\u00e9rcio de Itapetinga no per\u00edodo natalino de 2023.<\/strong><\/p>\n<p><strong>&#x25aa;&#xfe0f; O Com\u00e9rcio tamb\u00e9m funcionar\u00e1 no dia 12 de dezembro &#8211; Dia da Cidade, das 08h \u00e0s 13h, conforme acordo firmado em 02 de fevereiro de 2023.<\/strong><\/p>\n<p><strong>&#x26a0;&#xfe0f; Confira o acordo na \u00edntegra clicando no link abaixo:<\/strong><\/p>\n<p><strong><span style=\"color: #0000ff;\"><a style=\"color: #0000ff;\" href=\"https:\/\/cdlitapetinga.com.br\/horario-especial-de-natal-2023\/\">\u00a0https:\/\/cdlitapetinga.com.br\/horario-especial-de-natal-2023\/<\/a><\/span><\/strong><\/p>\n","protected":false},"excerpt":{"rendered":"<p>A C\u00e2mara de Dirigentes Lojistas de Itapetinga e o Sindicato dos Empregados do Com\u00e9rcio de Itapetinga e Itoror\u00f3 firmam acordo para o Funcionamento em Hor\u00e1rio Especial do Com\u00e9rcio de Itapetinga no per\u00edodo natalino de 2023. &#x25aa;&#xfe0f; O Com\u00e9rcio tamb\u00e9m funcionar\u00e1 no dia 12 de dezembro &#8211; Dia da Cidade, das 08h \u00e0s 13h, conforme acordo [&hellip;]<\/p>\n","protected":false},"author":2,"featured_media":114241,"comment_status":"closed","ping_status":"open","sticky":false,"template":"","format":"standard","meta":{"footnotes":"","_links_to":"","_links_to_target":""},"categories":[1],"tags":[],"class_list":["post-114240","post","type-post","status-publish","format-standard","has-post-thumbnail","hentry","category-geral"],"views":626,"_links":{"self":[{"href":"https:\/\/www.sudoestehoje.com.br\/novoportal\/wp-json\/wp\/v2\/posts\/114240","targetHints":{"allow":["GET"]}}],"collection":[{"href":"https:\/\/www.sudoestehoje.com.br\/novoportal\/wp-json\/wp\/v2\/posts"}],"about":[{"href":"https:\/\/www.sudoestehoje.com.br\/novoportal\/wp-json\/wp\/v2\/types\/post"}],"author":[{"embeddable":true,"href":"https:\/\/www.sudoestehoje.com.br\/novoportal\/wp-json\/wp\/v2\/users\/2"}],"replies":[{"embeddable":true,"href":"https:\/\/www.sudoestehoje.com.br\/novoportal\/wp-json\/wp\/v2\/comments?post=114240"}],"version-history":[{"count":5,"href":"https:\/\/www.sudoestehoje.com.br\/novoportal\/wp-json\/wp\/v2\/posts\/114240\/revisions"}],"predecessor-version":[{"id":114246,"href":"https:\/\/www.sudoestehoje.com.br\/novoportal\/wp-json\/wp\/v2\/posts\/114240\/revisions\/114246"}],"wp:featuredmedia":[{"embeddable":true,"href":"https:\/\/www.sudoestehoje.com.br\/novoportal\/wp-json\/wp\/v2\/media\/114241"}],"wp:attachment":[{"href":"https:\/\/www.sudoestehoje.com.br\/novoportal\/wp-json\/wp\/v2\/media?parent=114240"}],"wp:term":[{"taxonomy":"category","embeddable":true,"href":"https:\/\/www.sudoestehoje.com.br\/novoportal\/wp-json\/wp\/v2\/categories?post=114240"},{"taxonomy":"post_tag","embeddable":true,"href":"https:\/\/www.sudoestehoje.com.br\/novoportal\/wp-json\/wp\/v2\/tags?post=114240"}],"curies":[{"name":"wp","href":"https:\/\/api.w.org\/{rel}","templated":true}]}}