
{"id":114218,"date":"2023-12-07T08:43:20","date_gmt":"2023-12-07T11:43:20","guid":{"rendered":"https:\/\/www.sudoestehoje.com.br\/novoportal\/?p=114218"},"modified":"2023-12-07T08:43:20","modified_gmt":"2023-12-07T11:43:20","slug":"pedro-tavares-cobra-medidas-do-estado-e-do-governo-federal-para-minimizar-prejuizos-com-a-seca-na-bahia","status":"publish","type":"post","link":"https:\/\/www.sudoestehoje.com.br\/novoportal\/2023\/12\/07\/pedro-tavares-cobra-medidas-do-estado-e-do-governo-federal-para-minimizar-prejuizos-com-a-seca-na-bahia\/","title":{"rendered":"PEDRO TAVARES COBRA MEDIDAS DO ESTADO E DO GOVERNO FEDERAL PARA MINIMIZAR PREJU\u00cdZOS COM A SECA NA BAHIA"},"content":{"rendered":"<p><img loading=\"lazy\" decoding=\"async\" class=\"alignnone  wp-image-114221\" src=\"https:\/\/www.sudoestehoje.com.br\/novoportal\/wp-content\/uploads\/2023\/12\/59414-901467-2023-10-09-20-11-20-600x338.jpg\" alt=\"\" width=\"550\" height=\"310\" srcset=\"https:\/\/www.sudoestehoje.com.br\/novoportal\/wp-content\/uploads\/2023\/12\/59414-901467-2023-10-09-20-11-20-600x338.jpg 600w, https:\/\/www.sudoestehoje.com.br\/novoportal\/wp-content\/uploads\/2023\/12\/59414-901467-2023-10-09-20-11-20-700x394.jpg 700w, https:\/\/www.sudoestehoje.com.br\/novoportal\/wp-content\/uploads\/2023\/12\/59414-901467-2023-10-09-20-11-20-768x432.jpg 768w, https:\/\/www.sudoestehoje.com.br\/novoportal\/wp-content\/uploads\/2023\/12\/59414-901467-2023-10-09-20-11-20.jpg 951w\" sizes=\"auto, (max-width: 550px) 100vw, 550px\" \/><\/p>\n<p><strong>O deputado estadual Pedro Tavares (Uni\u00e3o Brasil), voltou a cobrar ao Governo do estado, urg\u00eancia na implanta\u00e7\u00e3o de medidas para minimizar os efeitos da seca no estado. Em discurso na tribuna da Assembleia Legislativa da Bahia (Alba), hoje (05\/12), o deputado relatou o sofrimento dos munic\u00edpios, em diferentes regi\u00f5es e o pedido de socorro por parte da popula\u00e7\u00e3o. Lembrando que o fen\u00f4meno El nin\u00f5 estava previsto h\u00e1 mais de seis meses, Tavares criticou a aus\u00eancia de um planejamento voltado a conter os preju\u00edzos e citou que alguns estados j\u00e1 formaram comit\u00eas de enfrentamento a seca, enquanto a Bahia segue sem o an\u00fancio de provid\u00eancias.<\/strong><\/p>\n<p><strong><em>\u201cAinda n\u00e3o vimos a\u00e7\u00f5es concretas e integradas, ou seja, a gest\u00e3o estadual \u00e9 aliada ao governo federal, portanto por que n\u00e3o estabelecer uma parceria com a Conab para colocar o milho a um pre\u00e7o justo? Esse \u00e9 um dos exemplos do que pode ser feito, pois os preju\u00edzos com a forte estiagem s\u00e3o inestim\u00e1veis. A Bahia est\u00e1 pegando fogo, as pessoas est\u00e3o sem \u00e1gua, os animais morrendo, as queimadas se estendendo cada vez mais e at\u00e9 o momento n\u00e3o vimos a\u00e7\u00f5es efetivas por parte da Secretaria de Agricultura\u201d,<\/em> afirmou. Segundo Tavares \u00e9 preciso que o Governo implante medidas urgentes com o Governo federal e as entidades de classe.<\/strong><\/p>\n<p><strong>O deputado tamb\u00e9m sugeriu que o Poder Legislativo, de forma semelhante ao que ocorreu no per\u00edodo da pandemia, possa votar decretos de emerg\u00eancia em favor dos munic\u00edpios, possibilitando que recursos sejam viabilizados e empr\u00e9stimos agr\u00edcolas sejam prorrogados, com o objetivo de minimizar os impactos negativos da seca. \/\/Ascom Pedro Tavares<\/strong><\/p>\n","protected":false},"excerpt":{"rendered":"<p>O deputado estadual Pedro Tavares (Uni\u00e3o Brasil), voltou a cobrar ao Governo do estado, urg\u00eancia na implanta\u00e7\u00e3o de medidas para minimizar os efeitos da seca no estado. Em discurso na tribuna da Assembleia Legislativa da Bahia (Alba), hoje (05\/12), o deputado relatou o sofrimento dos munic\u00edpios, em diferentes regi\u00f5es e o pedido de socorro por [&hellip;]<\/p>\n","protected":false},"author":2,"featured_media":114221,"comment_status":"closed","ping_status":"open","sticky":false,"template":"","format":"standard","meta":{"footnotes":"","_links_to":"","_links_to_target":""},"categories":[1],"tags":[],"class_list":["post-114218","post","type-post","status-publish","format-standard","has-post-thumbnail","hentry","category-geral"],"views":491,"_links":{"self":[{"href":"https:\/\/www.sudoestehoje.com.br\/novoportal\/wp-json\/wp\/v2\/posts\/114218","targetHints":{"allow":["GET"]}}],"collection":[{"href":"https:\/\/www.sudoestehoje.com.br\/novoportal\/wp-json\/wp\/v2\/posts"}],"about":[{"href":"https:\/\/www.sudoestehoje.com.br\/novoportal\/wp-json\/wp\/v2\/types\/post"}],"author":[{"embeddable":true,"href":"https:\/\/www.sudoestehoje.com.br\/novoportal\/wp-json\/wp\/v2\/users\/2"}],"replies":[{"embeddable":true,"href":"https:\/\/www.sudoestehoje.com.br\/novoportal\/wp-json\/wp\/v2\/comments?post=114218"}],"version-history":[{"count":4,"href":"https:\/\/www.sudoestehoje.com.br\/novoportal\/wp-json\/wp\/v2\/posts\/114218\/revisions"}],"predecessor-version":[{"id":114223,"href":"https:\/\/www.sudoestehoje.com.br\/novoportal\/wp-json\/wp\/v2\/posts\/114218\/revisions\/114223"}],"wp:featuredmedia":[{"embeddable":true,"href":"https:\/\/www.sudoestehoje.com.br\/novoportal\/wp-json\/wp\/v2\/media\/114221"}],"wp:attachment":[{"href":"https:\/\/www.sudoestehoje.com.br\/novoportal\/wp-json\/wp\/v2\/media?parent=114218"}],"wp:term":[{"taxonomy":"category","embeddable":true,"href":"https:\/\/www.sudoestehoje.com.br\/novoportal\/wp-json\/wp\/v2\/categories?post=114218"},{"taxonomy":"post_tag","embeddable":true,"href":"https:\/\/www.sudoestehoje.com.br\/novoportal\/wp-json\/wp\/v2\/tags?post=114218"}],"curies":[{"name":"wp","href":"https:\/\/api.w.org\/{rel}","templated":true}]}}