
{"id":114199,"date":"2023-12-06T10:21:57","date_gmt":"2023-12-06T13:21:57","guid":{"rendered":"https:\/\/www.sudoestehoje.com.br\/novoportal\/?p=114199"},"modified":"2023-12-06T10:29:46","modified_gmt":"2023-12-06T13:29:46","slug":"urgente-cantor-ze-neto-sofre-acidente-de-carro-no-interior-de-sao-paulo","status":"publish","type":"post","link":"https:\/\/www.sudoestehoje.com.br\/novoportal\/2023\/12\/06\/urgente-cantor-ze-neto-sofre-acidente-de-carro-no-interior-de-sao-paulo\/","title":{"rendered":"URGENTE | CANTOR Z\u00c9 NETO SOFRE ACIDENTE NO INTERIOR DE S\u00c3O PAULO E EST\u00c1 NA UTI"},"content":{"rendered":"<p><img loading=\"lazy\" decoding=\"async\" class=\"alignnone wp-image-114202\" src=\"https:\/\/www.sudoestehoje.com.br\/novoportal\/wp-content\/uploads\/2023\/12\/ze-neto_arquivo-pessoal-1-600x541.jpg\" alt=\"\" width=\"551\" height=\"497\" srcset=\"https:\/\/www.sudoestehoje.com.br\/novoportal\/wp-content\/uploads\/2023\/12\/ze-neto_arquivo-pessoal-1-600x541.jpg 600w, https:\/\/www.sudoestehoje.com.br\/novoportal\/wp-content\/uploads\/2023\/12\/ze-neto_arquivo-pessoal-1.jpg 643w\" sizes=\"auto, (max-width: 551px) 100vw, 551px\" \/><\/p>\n<p><strong>Informa\u00e7\u00f5es confirmadas pela Pol\u00edcia Rodovi\u00e1ria Federal,na noite desta ter\u00e7a (5),\u00a0apontam para um acidente grave envolvendo o cantor Z\u00e9 Neto, que faz dupla com Cristiano.<\/strong><\/p>\n<p><strong>O acidente ocorreu na BR- 153, em Icem, munic\u00edpio que fica na regi\u00e3o de S\u00e3o Jos\u00e9 do Rio Preto, interior de S\u00e3o Paulo.\u00a0Informa\u00e7\u00f5es indicam que o cantor voltava da sua fazenda, no interior de Minas Gerais.\u00a0<\/strong><br \/>\n<strong>\u00a0<\/strong><br \/>\n<strong>As informa\u00e7\u00f5es at\u00e9 o momento apontam para um capotamento da caminhonete que o cantor dirigia. O aceidente teria envolvido pelo menos tr\u00eas ve\u00edculos, incluindo o carro do cantor.<\/strong><\/p>\n<p><img loading=\"lazy\" decoding=\"async\" class=\"alignnone wp-image-114201\" src=\"https:\/\/www.sudoestehoje.com.br\/novoportal\/wp-content\/uploads\/2023\/12\/Ze-Neto_arquivo-pessoal2-600x335.jpg\" alt=\"\" width=\"550\" height=\"307\" srcset=\"https:\/\/www.sudoestehoje.com.br\/novoportal\/wp-content\/uploads\/2023\/12\/Ze-Neto_arquivo-pessoal2-600x335.jpg 600w, https:\/\/www.sudoestehoje.com.br\/novoportal\/wp-content\/uploads\/2023\/12\/Ze-Neto_arquivo-pessoal2.jpg 643w\" sizes=\"auto, (max-width: 550px) 100vw, 550px\" \/><\/p>\n<p><strong>O cantor foi socorrido para um hospital da regi\u00e3o e, embora as informa\u00e7\u00f5es sobre o seu estado de sa\u00fade ainda s\u00e3o desencontradas, ele n\u00e3o corre risco de morte.<\/strong><\/p>\n<p><strong>A Pol\u00edcia Rodovi\u00e1ria Federal est\u00e1 atendendo a ocorr\u00eancia.<\/strong><\/p>\n","protected":false},"excerpt":{"rendered":"<p>Informa\u00e7\u00f5es confirmadas pela Pol\u00edcia Rodovi\u00e1ria Federal,na noite desta ter\u00e7a (5),\u00a0apontam para um acidente grave envolvendo o cantor Z\u00e9 Neto, que faz dupla com Cristiano. O acidente ocorreu na BR- 153, em Icem, munic\u00edpio que fica na regi\u00e3o de S\u00e3o Jos\u00e9 do Rio Preto, interior de S\u00e3o Paulo.\u00a0Informa\u00e7\u00f5es indicam que o cantor voltava da sua fazenda, [&hellip;]<\/p>\n","protected":false},"author":2,"featured_media":114202,"comment_status":"closed","ping_status":"open","sticky":false,"template":"","format":"standard","meta":{"footnotes":"","_links_to":"","_links_to_target":""},"categories":[1],"tags":[],"class_list":["post-114199","post","type-post","status-publish","format-standard","has-post-thumbnail","hentry","category-geral"],"views":750,"_links":{"self":[{"href":"https:\/\/www.sudoestehoje.com.br\/novoportal\/wp-json\/wp\/v2\/posts\/114199","targetHints":{"allow":["GET"]}}],"collection":[{"href":"https:\/\/www.sudoestehoje.com.br\/novoportal\/wp-json\/wp\/v2\/posts"}],"about":[{"href":"https:\/\/www.sudoestehoje.com.br\/novoportal\/wp-json\/wp\/v2\/types\/post"}],"author":[{"embeddable":true,"href":"https:\/\/www.sudoestehoje.com.br\/novoportal\/wp-json\/wp\/v2\/users\/2"}],"replies":[{"embeddable":true,"href":"https:\/\/www.sudoestehoje.com.br\/novoportal\/wp-json\/wp\/v2\/comments?post=114199"}],"version-history":[{"count":3,"href":"https:\/\/www.sudoestehoje.com.br\/novoportal\/wp-json\/wp\/v2\/posts\/114199\/revisions"}],"predecessor-version":[{"id":114205,"href":"https:\/\/www.sudoestehoje.com.br\/novoportal\/wp-json\/wp\/v2\/posts\/114199\/revisions\/114205"}],"wp:featuredmedia":[{"embeddable":true,"href":"https:\/\/www.sudoestehoje.com.br\/novoportal\/wp-json\/wp\/v2\/media\/114202"}],"wp:attachment":[{"href":"https:\/\/www.sudoestehoje.com.br\/novoportal\/wp-json\/wp\/v2\/media?parent=114199"}],"wp:term":[{"taxonomy":"category","embeddable":true,"href":"https:\/\/www.sudoestehoje.com.br\/novoportal\/wp-json\/wp\/v2\/categories?post=114199"},{"taxonomy":"post_tag","embeddable":true,"href":"https:\/\/www.sudoestehoje.com.br\/novoportal\/wp-json\/wp\/v2\/tags?post=114199"}],"curies":[{"name":"wp","href":"https:\/\/api.w.org\/{rel}","templated":true}]}}