
{"id":114195,"date":"2023-12-06T08:10:44","date_gmt":"2023-12-06T11:10:44","guid":{"rendered":"https:\/\/www.sudoestehoje.com.br\/novoportal\/?p=114195"},"modified":"2023-12-06T09:36:53","modified_gmt":"2023-12-06T12:36:53","slug":"nota-de-falecimnto-silvina-pereira","status":"publish","type":"post","link":"https:\/\/www.sudoestehoje.com.br\/novoportal\/2023\/12\/06\/nota-de-falecimnto-silvina-pereira\/","title":{"rendered":"NOTA DE FALECIMNTO | SILVINA PEREIRA"},"content":{"rendered":"<p><img loading=\"lazy\" decoding=\"async\" class=\"alignnone wp-image-114196\" src=\"https:\/\/www.sudoestehoje.com.br\/novoportal\/wp-content\/uploads\/2023\/12\/4cf697fc-3f35-42d1-8d31-9288a83606b3-600x603.jpg\" alt=\"\" width=\"551\" height=\"554\" srcset=\"https:\/\/www.sudoestehoje.com.br\/novoportal\/wp-content\/uploads\/2023\/12\/4cf697fc-3f35-42d1-8d31-9288a83606b3-600x603.jpg 600w, https:\/\/www.sudoestehoje.com.br\/novoportal\/wp-content\/uploads\/2023\/12\/4cf697fc-3f35-42d1-8d31-9288a83606b3-700x703.jpg 700w, https:\/\/www.sudoestehoje.com.br\/novoportal\/wp-content\/uploads\/2023\/12\/4cf697fc-3f35-42d1-8d31-9288a83606b3-150x150.jpg 150w, https:\/\/www.sudoestehoje.com.br\/novoportal\/wp-content\/uploads\/2023\/12\/4cf697fc-3f35-42d1-8d31-9288a83606b3-768x772.jpg 768w, https:\/\/www.sudoestehoje.com.br\/novoportal\/wp-content\/uploads\/2023\/12\/4cf697fc-3f35-42d1-8d31-9288a83606b3.jpg 1080w\" sizes=\"auto, (max-width: 551px) 100vw, 551px\" \/><\/p>\n<p><strong>Comunicamos o falecimento da senhora SILVINA PEREIRA SANTOS, ocorrido \u00e1s 4h da madrugada desta quarta-feira (6). Seu corpo ser\u00e1 velado na PAX PERFEI\u00c7\u00c3O, em Itapetinga e o sepultamento ocorrer\u00e1 \u00e1s 17h na mesma. O neto Tito Rocha emitiu nota lamentando a passagem da ilustre e querida av\u00f3, nas redes sociais. Confira:<\/strong><\/p>\n<p><em><strong>&#8220;\u00c9 com profunda tristeza que expresso meus sinceros p\u00easames pelo falecimento de Dona Silvina. Sua vida dedicada \u00e0 simplicidade e \u00e0 valoriza\u00e7\u00e3o das hist\u00f3rias populares deixa um legado inspirador em Itapetinga e regi\u00e3o. <\/strong><\/em><\/p>\n<p><em><strong>Seu compromisso com projetos de incentivo \u00e0 leitura nas escolas e faculdades, bem como sua incans\u00e1vel jornada para disseminar a rica literatura oral do M\u00e9dio Sudoeste baiano em outros estados e pa\u00edses, s\u00e3o testemunhos de sua paix\u00e3o pela cultura e educa\u00e7\u00e3o. <\/strong><\/em><\/p>\n<p><em><strong>Que sua mem\u00f3ria perdure como uma fonte de inspira\u00e7\u00e3o para todos n\u00f3s. Meus sentimentos \u00e0 fam\u00edlia e \u00e0 comunidade que compartilham a perda dessa not\u00e1vel mulher e contadora de hist\u00f3rias&#8221;.<\/strong><\/em><\/p>\n<p><em><strong>Tito Rocha &#8211; Neto<\/strong><\/em><\/p>\n","protected":false},"excerpt":{"rendered":"<p>Comunicamos o falecimento da senhora SILVINA PEREIRA SANTOS, ocorrido \u00e1s 4h da madrugada desta quarta-feira (6). Seu corpo ser\u00e1 velado na PAX PERFEI\u00c7\u00c3O, em Itapetinga e o sepultamento ocorrer\u00e1 \u00e1s 17h na mesma. O neto Tito Rocha emitiu nota lamentando a passagem da ilustre e querida av\u00f3, nas redes sociais. Confira: &#8220;\u00c9 com profunda tristeza [&hellip;]<\/p>\n","protected":false},"author":2,"featured_media":114196,"comment_status":"closed","ping_status":"open","sticky":false,"template":"","format":"standard","meta":{"footnotes":"","_links_to":"","_links_to_target":""},"categories":[1],"tags":[],"class_list":["post-114195","post","type-post","status-publish","format-standard","has-post-thumbnail","hentry","category-geral"],"views":1093,"_links":{"self":[{"href":"https:\/\/www.sudoestehoje.com.br\/novoportal\/wp-json\/wp\/v2\/posts\/114195","targetHints":{"allow":["GET"]}}],"collection":[{"href":"https:\/\/www.sudoestehoje.com.br\/novoportal\/wp-json\/wp\/v2\/posts"}],"about":[{"href":"https:\/\/www.sudoestehoje.com.br\/novoportal\/wp-json\/wp\/v2\/types\/post"}],"author":[{"embeddable":true,"href":"https:\/\/www.sudoestehoje.com.br\/novoportal\/wp-json\/wp\/v2\/users\/2"}],"replies":[{"embeddable":true,"href":"https:\/\/www.sudoestehoje.com.br\/novoportal\/wp-json\/wp\/v2\/comments?post=114195"}],"version-history":[{"count":2,"href":"https:\/\/www.sudoestehoje.com.br\/novoportal\/wp-json\/wp\/v2\/posts\/114195\/revisions"}],"predecessor-version":[{"id":114198,"href":"https:\/\/www.sudoestehoje.com.br\/novoportal\/wp-json\/wp\/v2\/posts\/114195\/revisions\/114198"}],"wp:featuredmedia":[{"embeddable":true,"href":"https:\/\/www.sudoestehoje.com.br\/novoportal\/wp-json\/wp\/v2\/media\/114196"}],"wp:attachment":[{"href":"https:\/\/www.sudoestehoje.com.br\/novoportal\/wp-json\/wp\/v2\/media?parent=114195"}],"wp:term":[{"taxonomy":"category","embeddable":true,"href":"https:\/\/www.sudoestehoje.com.br\/novoportal\/wp-json\/wp\/v2\/categories?post=114195"},{"taxonomy":"post_tag","embeddable":true,"href":"https:\/\/www.sudoestehoje.com.br\/novoportal\/wp-json\/wp\/v2\/tags?post=114195"}],"curies":[{"name":"wp","href":"https:\/\/api.w.org\/{rel}","templated":true}]}}