
{"id":114192,"date":"2024-12-05T08:50:01","date_gmt":"2024-12-05T11:50:01","guid":{"rendered":"https:\/\/www.sudoestehoje.com.br\/novoportal\/?p=114192"},"modified":"2024-12-05T10:39:45","modified_gmt":"2024-12-05T13:39:45","slug":"itapetinga-comemora-os-96-anos-de-vida-do-lider-politico-michel-jose-hagge-filho","status":"publish","type":"post","link":"https:\/\/www.sudoestehoje.com.br\/novoportal\/2024\/12\/05\/itapetinga-comemora-os-96-anos-de-vida-do-lider-politico-michel-jose-hagge-filho\/","title":{"rendered":"ITAPETINGA COMEMORA OS 97 ANOS DE VIDA DO L\u00cdDER POL\u00cdTICO MICHEL JOS\u00c9 HAGGE FILHO"},"content":{"rendered":"<p><img loading=\"lazy\" decoding=\"async\" class=\"alignnone size-full wp-image-114193\" src=\"https:\/\/www.sudoestehoje.com.br\/novoportal\/wp-content\/uploads\/2023\/12\/WhatsApp-Image-2022-12-05-at-09.09.36-1-500x355-1.jpeg\" alt=\"\" width=\"500\" height=\"355\" \/><\/p>\n<p><strong>Redes sociais, sites e programas de r\u00e1dio em Itapetinga, prestam, desde as primeiras horas desta ter\u00e7a-feira, <em>5 de Dezembro<\/em>, homenagens a um dos mais ilustres cidad\u00e3os ao longo de toda a sua hist\u00f3ria, o l\u00edder pol\u00edtico Michel Hagge, tr\u00eas vezes prefeito do munic\u00edpio e duas vezes deputado estadual, por mais um anivers\u00e1rio.<\/strong><\/p>\n<p><strong>Aos 97 anos, Michel \u00e9 um caso raro de longevidade pol\u00edtica em todo o estado da Bahia e tem servido de exemplo para as novas gera\u00e7\u00f5es, como homem correto e dedicado que construiu uma lideran\u00e7a pol\u00edtica forte e vitoriosa, ao longo de v\u00e1rias d\u00e9cadas.<\/strong><\/p>\n<p><strong>N\u00e3o \u00e9 \u00e0 toa que \u00e9 respeitado e homenageado por todos, incluindo antigos advers\u00e1rios, que hoje reconhecem a import\u00e2ncia do seu trabalho em prol do nosso munic\u00edpio e o peso da sua influ\u00eancia eleitoral, mesmo em idade j\u00e1 avan\u00e7ada.<\/strong><\/p>\n<p><strong>Como amigo de primeiro momento e seguidor pol\u00edtico durante os \u00faltimos 43 anos, o editor do <em>Sudoeste Hoje<\/em> se junta aos milhares de itapetinguenses para prestar homenagem ao maior l\u00edder pol\u00edtico da hist\u00f3ria da &#8216;Capital da Pecu\u00e1ria Baiana&#8217;.<\/strong><\/p>\n<p><strong><em>Por Davi Ferraz<\/em><\/strong><\/p>\n","protected":false},"excerpt":{"rendered":"<p>Redes sociais, sites e programas de r\u00e1dio em Itapetinga, prestam, desde as primeiras horas desta ter\u00e7a-feira, 5 de Dezembro, homenagens a um dos mais ilustres cidad\u00e3os ao longo de toda a sua hist\u00f3ria, o l\u00edder pol\u00edtico Michel Hagge, tr\u00eas vezes prefeito do munic\u00edpio e duas vezes deputado estadual, por mais um anivers\u00e1rio. Aos 97 anos, [&hellip;]<\/p>\n","protected":false},"author":2,"featured_media":114193,"comment_status":"closed","ping_status":"open","sticky":false,"template":"","format":"standard","meta":{"footnotes":"","_links_to":"","_links_to_target":""},"categories":[1],"tags":[],"class_list":["post-114192","post","type-post","status-publish","format-standard","has-post-thumbnail","hentry","category-geral"],"views":2057,"_links":{"self":[{"href":"https:\/\/www.sudoestehoje.com.br\/novoportal\/wp-json\/wp\/v2\/posts\/114192","targetHints":{"allow":["GET"]}}],"collection":[{"href":"https:\/\/www.sudoestehoje.com.br\/novoportal\/wp-json\/wp\/v2\/posts"}],"about":[{"href":"https:\/\/www.sudoestehoje.com.br\/novoportal\/wp-json\/wp\/v2\/types\/post"}],"author":[{"embeddable":true,"href":"https:\/\/www.sudoestehoje.com.br\/novoportal\/wp-json\/wp\/v2\/users\/2"}],"replies":[{"embeddable":true,"href":"https:\/\/www.sudoestehoje.com.br\/novoportal\/wp-json\/wp\/v2\/comments?post=114192"}],"version-history":[{"count":3,"href":"https:\/\/www.sudoestehoje.com.br\/novoportal\/wp-json\/wp\/v2\/posts\/114192\/revisions"}],"predecessor-version":[{"id":119885,"href":"https:\/\/www.sudoestehoje.com.br\/novoportal\/wp-json\/wp\/v2\/posts\/114192\/revisions\/119885"}],"wp:featuredmedia":[{"embeddable":true,"href":"https:\/\/www.sudoestehoje.com.br\/novoportal\/wp-json\/wp\/v2\/media\/114193"}],"wp:attachment":[{"href":"https:\/\/www.sudoestehoje.com.br\/novoportal\/wp-json\/wp\/v2\/media?parent=114192"}],"wp:term":[{"taxonomy":"category","embeddable":true,"href":"https:\/\/www.sudoestehoje.com.br\/novoportal\/wp-json\/wp\/v2\/categories?post=114192"},{"taxonomy":"post_tag","embeddable":true,"href":"https:\/\/www.sudoestehoje.com.br\/novoportal\/wp-json\/wp\/v2\/tags?post=114192"}],"curies":[{"name":"wp","href":"https:\/\/api.w.org\/{rel}","templated":true}]}}