
{"id":114176,"date":"2023-12-04T10:17:16","date_gmt":"2023-12-04T13:17:16","guid":{"rendered":"https:\/\/www.sudoestehoje.com.br\/novoportal\/?p=114176"},"modified":"2023-12-04T10:17:16","modified_gmt":"2023-12-04T13:17:16","slug":"itapetinga-vereadora-manu-brandao-confirma-que-deve-continuar-no-cargo-de-secretaria-ate-abril","status":"publish","type":"post","link":"https:\/\/www.sudoestehoje.com.br\/novoportal\/2023\/12\/04\/itapetinga-vereadora-manu-brandao-confirma-que-deve-continuar-no-cargo-de-secretaria-ate-abril\/","title":{"rendered":"ITAPETINGA | VEREADORA MANU BRAND\u00c3O CONFIRMA QUE DEVE CONTINUAR NO CARGO DE SECRET\u00c1RIA AT\u00c9 ABRIL"},"content":{"rendered":"<p><img loading=\"lazy\" decoding=\"async\" class=\"alignnone  wp-image-114178\" src=\"https:\/\/www.sudoestehoje.com.br\/novoportal\/wp-content\/uploads\/2023\/12\/FB_IMG_1645455175522-600x390-1.jpg\" alt=\"\" width=\"550\" height=\"371\" \/><\/p>\n<p><strong>Em agosto deste ano de 2023, a vereadora mais votada no munic\u00edpio de Itapetinga, Manu Brand\u00e3o (MDB), assumiu a titularidade da Secretaria Municipal de Desenvolvimento Social, a convite do prefeito Rodrigo Hagge.<\/strong><\/p>\n<p><strong>Licenciada do cargo de vereadora e pr\u00e9-candidata a prefeita, Manu Brand\u00e3o espera continuar no comando da secretaria at\u00e9 o limite legal, que expira em abril de 2024, quando deve se desincompatibilizar para a disputa eleitoral.<\/strong><\/p>\n<p><strong>A Sudoeste Hoje, Manu declarou que fica no cargo at\u00e9 abril, <em>&#8220;se esta for a vontade do prefeito Rodrigo Hagge&#8221;<\/em>, que a nomeou e tem o poder de exonerar, caso necess\u00e1rio.<\/strong><\/p>\n<p><strong>A vaga da vereadora Manu Brand\u00e3o na c\u00e2mara vem sendo ocupada pelo 2\u00ba suplente Alex Dutra (Lek\u00e3o).<\/strong><\/p>\n<p><strong>Por Davi Ferraz<\/strong><\/p>\n","protected":false},"excerpt":{"rendered":"<p>Em agosto deste ano de 2023, a vereadora mais votada no munic\u00edpio de Itapetinga, Manu Brand\u00e3o (MDB), assumiu a titularidade da Secretaria Municipal de Desenvolvimento Social, a convite do prefeito Rodrigo Hagge. Licenciada do cargo de vereadora e pr\u00e9-candidata a prefeita, Manu Brand\u00e3o espera continuar no comando da secretaria at\u00e9 o limite legal, que expira [&hellip;]<\/p>\n","protected":false},"author":2,"featured_media":114178,"comment_status":"closed","ping_status":"open","sticky":false,"template":"","format":"standard","meta":{"footnotes":"","_links_to":"","_links_to_target":""},"categories":[1],"tags":[],"class_list":["post-114176","post","type-post","status-publish","format-standard","has-post-thumbnail","hentry","category-geral"],"views":777,"_links":{"self":[{"href":"https:\/\/www.sudoestehoje.com.br\/novoportal\/wp-json\/wp\/v2\/posts\/114176","targetHints":{"allow":["GET"]}}],"collection":[{"href":"https:\/\/www.sudoestehoje.com.br\/novoportal\/wp-json\/wp\/v2\/posts"}],"about":[{"href":"https:\/\/www.sudoestehoje.com.br\/novoportal\/wp-json\/wp\/v2\/types\/post"}],"author":[{"embeddable":true,"href":"https:\/\/www.sudoestehoje.com.br\/novoportal\/wp-json\/wp\/v2\/users\/2"}],"replies":[{"embeddable":true,"href":"https:\/\/www.sudoestehoje.com.br\/novoportal\/wp-json\/wp\/v2\/comments?post=114176"}],"version-history":[{"count":2,"href":"https:\/\/www.sudoestehoje.com.br\/novoportal\/wp-json\/wp\/v2\/posts\/114176\/revisions"}],"predecessor-version":[{"id":114179,"href":"https:\/\/www.sudoestehoje.com.br\/novoportal\/wp-json\/wp\/v2\/posts\/114176\/revisions\/114179"}],"wp:featuredmedia":[{"embeddable":true,"href":"https:\/\/www.sudoestehoje.com.br\/novoportal\/wp-json\/wp\/v2\/media\/114178"}],"wp:attachment":[{"href":"https:\/\/www.sudoestehoje.com.br\/novoportal\/wp-json\/wp\/v2\/media?parent=114176"}],"wp:term":[{"taxonomy":"category","embeddable":true,"href":"https:\/\/www.sudoestehoje.com.br\/novoportal\/wp-json\/wp\/v2\/categories?post=114176"},{"taxonomy":"post_tag","embeddable":true,"href":"https:\/\/www.sudoestehoje.com.br\/novoportal\/wp-json\/wp\/v2\/tags?post=114176"}],"curies":[{"name":"wp","href":"https:\/\/api.w.org\/{rel}","templated":true}]}}