
{"id":114171,"date":"2023-12-04T09:43:45","date_gmt":"2023-12-04T12:43:45","guid":{"rendered":"https:\/\/www.sudoestehoje.com.br\/novoportal\/?p=114171"},"modified":"2023-12-04T09:43:45","modified_gmt":"2023-12-04T12:43:45","slug":"itapetinga-luciano-almeida-deve-continuar-na-secretaria-de-educacao-ate-abril","status":"publish","type":"post","link":"https:\/\/www.sudoestehoje.com.br\/novoportal\/2023\/12\/04\/itapetinga-luciano-almeida-deve-continuar-na-secretaria-de-educacao-ate-abril\/","title":{"rendered":"ITAPETINGA | LUCIANO ALMEIDA DEVE CONTINUAR NA SECRETARIA DE EDUCA\u00c7\u00c3O AT\u00c9 ABRIL"},"content":{"rendered":"<p><img loading=\"lazy\" decoding=\"async\" class=\"wp-image-114174 alignleft\" src=\"https:\/\/www.sudoestehoje.com.br\/novoportal\/wp-content\/uploads\/2023\/12\/download-1.jpg\" alt=\"\" width=\"288\" height=\"209\" \/><\/p>\n<p><strong>Ocupante do cargo de secret\u00e1rio municipal de educa\u00e7\u00e3o, desde setembro deste ano de 2023, o vereador licenciado Luciano Almeida (MDB) dever\u00e1 continuar no cargo at\u00e9 a prazo limite de desincompatibiliza\u00e7\u00e3o, que encerra no in\u00edcio de abril de 2024.<\/strong><\/p>\n<p><strong>Em contato com a reda\u00e7\u00e3o do Sudoeste Hoje, Luciano declarou que, provavelmente, continuar\u00e1 na fun\u00e7\u00e3o de secret\u00e1rio municipal, para colocar em pr\u00e1tica uma nova pol\u00edtica na gest\u00e3o da pasta, que \u00e9 um verdadeiro &#8216;desafio&#8217;.<\/strong><\/p>\n<p><strong><em>&#8220;A pol\u00edtica \u00e9 din\u00e2mica e ningu\u00e9m pode prever o que vai acontecer amanh\u00e3, mas a tend\u00eancia \u00e9 que eu, provavelmente, continue na fun\u00e7\u00e3o de Secret\u00e1rio Municipal de Educa\u00e7\u00e3o, at\u00e9 o limite da lei eleitoral, se essa for a vontade do prefeito Rodrigo Hagge&#8221;<\/em>, afirmou Luciano.<\/strong><\/p>\n<p><strong>A vaga de Luciano Almeida na c\u00e2mara de vereadores vem sendo ocupada pelo suplente Carl\u00e3o de Palmares (MDB).<\/strong><\/p>\n<p><strong>Por Davi Ferraz<\/strong><\/p>\n","protected":false},"excerpt":{"rendered":"<p>Ocupante do cargo de secret\u00e1rio municipal de educa\u00e7\u00e3o, desde setembro deste ano de 2023, o vereador licenciado Luciano Almeida (MDB) dever\u00e1 continuar no cargo at\u00e9 a prazo limite de desincompatibiliza\u00e7\u00e3o, que encerra no in\u00edcio de abril de 2024. Em contato com a reda\u00e7\u00e3o do Sudoeste Hoje, Luciano declarou que, provavelmente, continuar\u00e1 na fun\u00e7\u00e3o de secret\u00e1rio [&hellip;]<\/p>\n","protected":false},"author":2,"featured_media":114174,"comment_status":"closed","ping_status":"open","sticky":false,"template":"","format":"standard","meta":{"footnotes":"","_links_to":"","_links_to_target":""},"categories":[1],"tags":[],"class_list":["post-114171","post","type-post","status-publish","format-standard","has-post-thumbnail","hentry","category-geral"],"views":779,"_links":{"self":[{"href":"https:\/\/www.sudoestehoje.com.br\/novoportal\/wp-json\/wp\/v2\/posts\/114171","targetHints":{"allow":["GET"]}}],"collection":[{"href":"https:\/\/www.sudoestehoje.com.br\/novoportal\/wp-json\/wp\/v2\/posts"}],"about":[{"href":"https:\/\/www.sudoestehoje.com.br\/novoportal\/wp-json\/wp\/v2\/types\/post"}],"author":[{"embeddable":true,"href":"https:\/\/www.sudoestehoje.com.br\/novoportal\/wp-json\/wp\/v2\/users\/2"}],"replies":[{"embeddable":true,"href":"https:\/\/www.sudoestehoje.com.br\/novoportal\/wp-json\/wp\/v2\/comments?post=114171"}],"version-history":[{"count":3,"href":"https:\/\/www.sudoestehoje.com.br\/novoportal\/wp-json\/wp\/v2\/posts\/114171\/revisions"}],"predecessor-version":[{"id":114175,"href":"https:\/\/www.sudoestehoje.com.br\/novoportal\/wp-json\/wp\/v2\/posts\/114171\/revisions\/114175"}],"wp:featuredmedia":[{"embeddable":true,"href":"https:\/\/www.sudoestehoje.com.br\/novoportal\/wp-json\/wp\/v2\/media\/114174"}],"wp:attachment":[{"href":"https:\/\/www.sudoestehoje.com.br\/novoportal\/wp-json\/wp\/v2\/media?parent=114171"}],"wp:term":[{"taxonomy":"category","embeddable":true,"href":"https:\/\/www.sudoestehoje.com.br\/novoportal\/wp-json\/wp\/v2\/categories?post=114171"},{"taxonomy":"post_tag","embeddable":true,"href":"https:\/\/www.sudoestehoje.com.br\/novoportal\/wp-json\/wp\/v2\/tags?post=114171"}],"curies":[{"name":"wp","href":"https:\/\/api.w.org\/{rel}","templated":true}]}}