
{"id":114166,"date":"2023-12-04T09:07:12","date_gmt":"2023-12-04T12:07:12","guid":{"rendered":"https:\/\/www.sudoestehoje.com.br\/novoportal\/?p=114166"},"modified":"2023-12-04T09:07:12","modified_gmt":"2023-12-04T12:07:12","slug":"eleicoes-itapetinga-neto-ferraz-pretende-retornar-a-camara-a-partir-de-janeiro","status":"publish","type":"post","link":"https:\/\/www.sudoestehoje.com.br\/novoportal\/2023\/12\/04\/eleicoes-itapetinga-neto-ferraz-pretende-retornar-a-camara-a-partir-de-janeiro\/","title":{"rendered":"ELEI\u00c7\u00d5ES ITAPETINGA | NETO FERRAZ PRETENDE RETORNAR \u00c0 C\u00c2MARA A PARTIR DE JANEIRO"},"content":{"rendered":"<p><img loading=\"lazy\" decoding=\"async\" class=\"alignnone  wp-image-114168\" src=\"https:\/\/www.sudoestehoje.com.br\/novoportal\/wp-content\/uploads\/2023\/12\/WhatsApp-Image-2023-12-04-at-08.58.54-600x410.jpeg\" alt=\"\" width=\"550\" height=\"376\" srcset=\"https:\/\/www.sudoestehoje.com.br\/novoportal\/wp-content\/uploads\/2023\/12\/WhatsApp-Image-2023-12-04-at-08.58.54-600x410.jpeg 600w, https:\/\/www.sudoestehoje.com.br\/novoportal\/wp-content\/uploads\/2023\/12\/WhatsApp-Image-2023-12-04-at-08.58.54-700x479.jpeg 700w, https:\/\/www.sudoestehoje.com.br\/novoportal\/wp-content\/uploads\/2023\/12\/WhatsApp-Image-2023-12-04-at-08.58.54-768x525.jpeg 768w, https:\/\/www.sudoestehoje.com.br\/novoportal\/wp-content\/uploads\/2023\/12\/WhatsApp-Image-2023-12-04-at-08.58.54.jpeg 1296w\" sizes=\"auto, (max-width: 550px) 100vw, 550px\" \/><\/p>\n<p><strong>Em conversa informal com o editor do Sudoeste Hoje, no \u00faltimo final de semana, o vereador licenciado Neto Ferraz revelou que pretende reassumir a sua cadeira na c\u00e2mara de vereadores a partir de janeiro de 2024.<\/strong><\/p>\n<p><strong>Eleito pelo PSC em 2020, Neto se licenciou do mandato para assumir a coordenadoria da Comutran, autarquia municipal de tr\u00e2nsito em Itapetinga, onde realizou um excelente trabalho.<\/strong><\/p>\n<p><strong><em>&#8220;Se dependesse da minha vontade, j\u00e1 teria retornado \u00e0 c\u00e2mara para dar prosseguimento ao meu mandato, mas, a pedido do prefeito Rodrigo Hagge, continuei na Comutran, \u00f3rg\u00e3o ao qual sou vinculado funcionalmente. Vou conversar mais uma vez com o prefeito, pois o meu desejo \u00e9 retornar a partir de 1\u00ba de janeiro&#8221;<\/em>, afirmou o edil.<\/strong><\/p>\n<p><strong>O prazo limite de desincompatibiliza\u00e7\u00e3o para concorrer a um novo mandato expira em 6 de abril de 2024 (6 meses antes das elei\u00e7\u00f5es), de acordo com a legisla\u00e7\u00e3o eleitoral.<\/strong><\/p>\n<p><strong>A vaga de Neto Ferraz na c\u00e2mara de vereadores vem sendo ocupada pelo 1\u00ba suplente Juscelino Gomes.<\/strong><\/p>\n<p><strong>Por Davi Ferraz\u00a0<\/strong><\/p>\n","protected":false},"excerpt":{"rendered":"<p>Em conversa informal com o editor do Sudoeste Hoje, no \u00faltimo final de semana, o vereador licenciado Neto Ferraz revelou que pretende reassumir a sua cadeira na c\u00e2mara de vereadores a partir de janeiro de 2024. Eleito pelo PSC em 2020, Neto se licenciou do mandato para assumir a coordenadoria da Comutran, autarquia municipal de [&hellip;]<\/p>\n","protected":false},"author":2,"featured_media":114168,"comment_status":"closed","ping_status":"open","sticky":false,"template":"","format":"standard","meta":{"footnotes":"","_links_to":"","_links_to_target":""},"categories":[1],"tags":[],"class_list":["post-114166","post","type-post","status-publish","format-standard","has-post-thumbnail","hentry","category-geral"],"views":1284,"_links":{"self":[{"href":"https:\/\/www.sudoestehoje.com.br\/novoportal\/wp-json\/wp\/v2\/posts\/114166","targetHints":{"allow":["GET"]}}],"collection":[{"href":"https:\/\/www.sudoestehoje.com.br\/novoportal\/wp-json\/wp\/v2\/posts"}],"about":[{"href":"https:\/\/www.sudoestehoje.com.br\/novoportal\/wp-json\/wp\/v2\/types\/post"}],"author":[{"embeddable":true,"href":"https:\/\/www.sudoestehoje.com.br\/novoportal\/wp-json\/wp\/v2\/users\/2"}],"replies":[{"embeddable":true,"href":"https:\/\/www.sudoestehoje.com.br\/novoportal\/wp-json\/wp\/v2\/comments?post=114166"}],"version-history":[{"count":3,"href":"https:\/\/www.sudoestehoje.com.br\/novoportal\/wp-json\/wp\/v2\/posts\/114166\/revisions"}],"predecessor-version":[{"id":114170,"href":"https:\/\/www.sudoestehoje.com.br\/novoportal\/wp-json\/wp\/v2\/posts\/114166\/revisions\/114170"}],"wp:featuredmedia":[{"embeddable":true,"href":"https:\/\/www.sudoestehoje.com.br\/novoportal\/wp-json\/wp\/v2\/media\/114168"}],"wp:attachment":[{"href":"https:\/\/www.sudoestehoje.com.br\/novoportal\/wp-json\/wp\/v2\/media?parent=114166"}],"wp:term":[{"taxonomy":"category","embeddable":true,"href":"https:\/\/www.sudoestehoje.com.br\/novoportal\/wp-json\/wp\/v2\/categories?post=114166"},{"taxonomy":"post_tag","embeddable":true,"href":"https:\/\/www.sudoestehoje.com.br\/novoportal\/wp-json\/wp\/v2\/tags?post=114166"}],"curies":[{"name":"wp","href":"https:\/\/api.w.org\/{rel}","templated":true}]}}