
{"id":114154,"date":"2023-12-01T09:38:29","date_gmt":"2023-12-01T12:38:29","guid":{"rendered":"https:\/\/www.sudoestehoje.com.br\/novoportal\/?p=114154"},"modified":"2023-12-01T09:38:44","modified_gmt":"2023-12-01T12:38:44","slug":"economia-fraca-bahia-e-o-3o-do-nordeste-e-17o-do-brasil-na-geracao-de-empregos","status":"publish","type":"post","link":"https:\/\/www.sudoestehoje.com.br\/novoportal\/2023\/12\/01\/economia-fraca-bahia-e-o-3o-do-nordeste-e-17o-do-brasil-na-geracao-de-empregos\/","title":{"rendered":"ECONOMIA FRACA | BAHIA \u00c9 O 3\u00ba DO NORDESTE E 17\u00ba DO BRASIL NA GERA\u00c7\u00c3O DE EMPREGOS"},"content":{"rendered":"<p><img loading=\"lazy\" decoding=\"async\" class=\"alignnone wp-image-114156\" src=\"https:\/\/www.sudoestehoje.com.br\/novoportal\/wp-content\/uploads\/2023\/12\/01_carteira_de_trabalho24-600x358.jpg\" alt=\"\" width=\"551\" height=\"329\" srcset=\"https:\/\/www.sudoestehoje.com.br\/novoportal\/wp-content\/uploads\/2023\/12\/01_carteira_de_trabalho24-600x358.jpg 600w, https:\/\/www.sudoestehoje.com.br\/novoportal\/wp-content\/uploads\/2023\/12\/01_carteira_de_trabalho24-700x418.jpg 700w, https:\/\/www.sudoestehoje.com.br\/novoportal\/wp-content\/uploads\/2023\/12\/01_carteira_de_trabalho24.jpg 720w\" sizes=\"auto, (max-width: 551px) 100vw, 551px\" \/><\/p>\n<p><strong>A Bahia gerou 5.905 postos com carteira assinada, em outubro, figurando na terceira coloca\u00e7\u00e3o na gera\u00e7\u00e3o de vagas entre os estados nordestinos no m\u00eas.\u00a0<\/strong><strong>O c\u00e1lculo leva em considera\u00e7\u00e3o a diferen\u00e7a entre 71.894 admiss\u00f5es e 65.989 desligamentos, e \u00e9 realizado pelo Minist\u00e9rio do Trabalho e Emprego.<\/strong><\/p>\n<p><strong>Os dados do emprego formal foram sistematizados pela Superintend\u00eancia de Estudos Econ\u00f4micos e Sociais da Bahia (SEI), autarquia vinculada \u00e0 Secretaria do Planejamento do Estado da Bahia (Seplan).<\/strong><\/p>\n<p><strong>De acordo com o \u00f3rg\u00e3o, esse \u00e9 o d\u00e9cimo m\u00eas seguido com saldo positivo. No Nordeste, em outubro, todos os nove estados experimentaram alta do emprego formal. Em rela\u00e7\u00e3o \u00e0 gera\u00e7\u00e3o de postos, Pernambuco foi o estado com maior saldo em outubro, com 8.272 novas vagas.<\/strong><\/p>\n<p><strong>Em seguida, vieram Cear\u00e1 (+6.130 vagas), Bahia (+5.905 v\u00ednculos), Alagoas (+4.163 postos), Para\u00edba (+3.773 postos), Maranh\u00e3o (+2.357 vagas), Rio Grande do Norte (+2.257 postos), Piau\u00ed (+2.187 empregos celetistas) e Sergipe (+1.603 v\u00ednculos).<\/strong><\/p>\n<p><strong>Por\u00e9m, do ponto de vista da varia\u00e7\u00e3o relativa mensal do estoque, a Bahia teve o pior desempenho dentre os estados nordestinos. Alagoas (+1,02%) foi o destaque da regi\u00e3o nordestina, tendo sido acompanhado por Para\u00edba (+0,81%), Piau\u00ed (+0,65%), Pernambuco (+0,58%), Sergipe (+0,52%), Cear\u00e1 (+0,48%), Rio Grande do Norte (+0,47%), Maranh\u00e3o (+0,39%) e Bahia (+0,30%).<\/strong><!--more--><\/p>\n<p><strong>De janeiro a outubro, levando em conta a s\u00e9rie ajustada, que incorpora as informa\u00e7\u00f5es declaradas fora do prazo, a Bahia preencheu 82.596 novas vagas \u2013 aumento de 4,34% em rela\u00e7\u00e3o ao total de v\u00ednculos celetistas do come\u00e7o do ano. O munic\u00edpio de Salvador, por sua vez, registrou 18.065 novos postos no per\u00edodo (varia\u00e7\u00e3o positiva de 2,99%).<\/strong><\/p>\n<p><strong>O crescimento do emprego celetista tamb\u00e9m foi observado no Brasil e no Nordeste no acumulado do ano, com 1.784.695 e 308.601 novas vagas, respectivamente \u2013 significando, nessa ordem, aumentos relativos de 4,20% e 4,40% em rela\u00e7\u00e3o ao quantitativo de empregos celetistas no in\u00edcio do ano. A Bahia (+4,34%), dessa forma, exibiu um crescimento relativo do emprego formal maior do que o do pa\u00eds, mas menor do que o do Nordeste no ano.<\/strong><\/p>\n<p><strong>Do conjunto das 27 unidades federativas do pa\u00eds, todas elas contaram com aumento do quantitativo de empregos celetistas no acumulado deste ano. A Bahia, com 82.596 novos postos, exibiu o sexto maior saldo agregado do pa\u00eds. O desempenho relativo baiano, com alta de 4,34% no ano, posicionou o estado na 17\u00aa coloca\u00e7\u00e3o no pa\u00eds como um todo.<\/strong><\/p>\n<p><strong>Ainda em termos de saldo acumulado no ano, a unidade federativa baiana (+82.596 vagas) continuou \u00e0 frente das demais do Nordeste, que contou com Cear\u00e1 (+53.919 postos) e Pernambuco (+52.477 v\u00ednculos) na segunda e terceira posi\u00e7\u00f5es, respectivamente. Em termos proporcionais, no ano, a Bahia (+4,34%) ficou na quinta posi\u00e7\u00e3o dentro da regi\u00e3o nordestina, atr\u00e1s do Piau\u00ed (+7,61%), Alagoas (5,00%), do Rio Grande do Norte (+4,78%) e Cear\u00e1 (4,34%).<\/strong><\/p>\n","protected":false},"excerpt":{"rendered":"<p>A Bahia gerou 5.905 postos com carteira assinada, em outubro, figurando na terceira coloca\u00e7\u00e3o na gera\u00e7\u00e3o de vagas entre os estados nordestinos no m\u00eas.\u00a0O c\u00e1lculo leva em considera\u00e7\u00e3o a diferen\u00e7a entre 71.894 admiss\u00f5es e 65.989 desligamentos, e \u00e9 realizado pelo Minist\u00e9rio do Trabalho e Emprego. Os dados do emprego formal foram sistematizados pela Superintend\u00eancia de [&hellip;]<\/p>\n","protected":false},"author":2,"featured_media":114156,"comment_status":"closed","ping_status":"open","sticky":false,"template":"","format":"standard","meta":{"footnotes":"","_links_to":"","_links_to_target":""},"categories":[1],"tags":[],"class_list":["post-114154","post","type-post","status-publish","format-standard","has-post-thumbnail","hentry","category-geral"],"views":505,"_links":{"self":[{"href":"https:\/\/www.sudoestehoje.com.br\/novoportal\/wp-json\/wp\/v2\/posts\/114154","targetHints":{"allow":["GET"]}}],"collection":[{"href":"https:\/\/www.sudoestehoje.com.br\/novoportal\/wp-json\/wp\/v2\/posts"}],"about":[{"href":"https:\/\/www.sudoestehoje.com.br\/novoportal\/wp-json\/wp\/v2\/types\/post"}],"author":[{"embeddable":true,"href":"https:\/\/www.sudoestehoje.com.br\/novoportal\/wp-json\/wp\/v2\/users\/2"}],"replies":[{"embeddable":true,"href":"https:\/\/www.sudoestehoje.com.br\/novoportal\/wp-json\/wp\/v2\/comments?post=114154"}],"version-history":[{"count":3,"href":"https:\/\/www.sudoestehoje.com.br\/novoportal\/wp-json\/wp\/v2\/posts\/114154\/revisions"}],"predecessor-version":[{"id":114158,"href":"https:\/\/www.sudoestehoje.com.br\/novoportal\/wp-json\/wp\/v2\/posts\/114154\/revisions\/114158"}],"wp:featuredmedia":[{"embeddable":true,"href":"https:\/\/www.sudoestehoje.com.br\/novoportal\/wp-json\/wp\/v2\/media\/114156"}],"wp:attachment":[{"href":"https:\/\/www.sudoestehoje.com.br\/novoportal\/wp-json\/wp\/v2\/media?parent=114154"}],"wp:term":[{"taxonomy":"category","embeddable":true,"href":"https:\/\/www.sudoestehoje.com.br\/novoportal\/wp-json\/wp\/v2\/categories?post=114154"},{"taxonomy":"post_tag","embeddable":true,"href":"https:\/\/www.sudoestehoje.com.br\/novoportal\/wp-json\/wp\/v2\/tags?post=114154"}],"curies":[{"name":"wp","href":"https:\/\/api.w.org\/{rel}","templated":true}]}}