
{"id":114150,"date":"2023-12-01T09:22:33","date_gmt":"2023-12-01T12:22:33","guid":{"rendered":"https:\/\/www.sudoestehoje.com.br\/novoportal\/?p=114150"},"modified":"2023-12-01T09:22:33","modified_gmt":"2023-12-01T12:22:33","slug":"gasolina-e-diesel-ficam-mais-caros-na-bahia-gas-de-cozinha-sofre-reducao-no-preco","status":"publish","type":"post","link":"https:\/\/www.sudoestehoje.com.br\/novoportal\/2023\/12\/01\/gasolina-e-diesel-ficam-mais-caros-na-bahia-gas-de-cozinha-sofre-reducao-no-preco\/","title":{"rendered":"GASOLINA E DIESEL FICAM MAIS CAROS NA BAHIA; G\u00c1S DE COZINHA SOFRE REDU\u00c7\u00c3O NO PRE\u00c7O"},"content":{"rendered":"<p><img loading=\"lazy\" decoding=\"async\" class=\"alignnone  wp-image-114152\" src=\"https:\/\/www.sudoestehoje.com.br\/novoportal\/wp-content\/uploads\/2023\/12\/POSTO-600x338.jpg\" alt=\"\" width=\"559\" height=\"315\" srcset=\"https:\/\/www.sudoestehoje.com.br\/novoportal\/wp-content\/uploads\/2023\/12\/POSTO-600x338.jpg 600w, https:\/\/www.sudoestehoje.com.br\/novoportal\/wp-content\/uploads\/2023\/12\/POSTO-700x394.jpg 700w, https:\/\/www.sudoestehoje.com.br\/novoportal\/wp-content\/uploads\/2023\/12\/POSTO-768x432.jpg 768w, https:\/\/www.sudoestehoje.com.br\/novoportal\/wp-content\/uploads\/2023\/12\/POSTO-1536x865.jpg 1536w, https:\/\/www.sudoestehoje.com.br\/novoportal\/wp-content\/uploads\/2023\/12\/POSTO.jpg 1600w\" sizes=\"auto, (max-width: 559px) 100vw, 559px\" \/><\/p>\n<p><strong>Os pre\u00e7os da gasolina e do diesel vendidos para as distribuidoras de combust\u00edveis na Bahia ter\u00e3o reajuste de 2,3% e 1,1%, respectivamente. O an\u00fancio foi feito nesta quinta-feira (30), pela Acelen, empresa que administra a Refinaria Mataripe.\u00a0<\/strong><\/p>\n<p><strong>J\u00e1 o valor do G\u00e1s Liquefeito de Petr\u00f3leo (GLP) teve redu\u00e7\u00e3o de 4,45% para as distribuidoras de g\u00e1s de cozinha. Este \u00e9 o 14\u00ba reajuste no pre\u00e7o do produto em 2023.<\/strong><\/p>\n<p><strong>Segundo a empresa, os pre\u00e7os dos produtos da Refinaria de Mataripe seguem crit\u00e9rios de mercado que levam em considera\u00e7\u00e3o vari\u00e1veis como custo do petr\u00f3leo, que \u00e9 adquirido a pre\u00e7os internacionais, d\u00f3lar e frete, podendo variar para cima ou para baixo.<\/strong><\/p>\n<p><strong>A Acelen ressaltou ainda que possui uma pol\u00edtica de pre\u00e7os transparente, amparada por crit\u00e9rios t\u00e9cnicos, em conson\u00e2ncia com as pr\u00e1ticas internacionais de mercado.<\/strong><\/p>\n","protected":false},"excerpt":{"rendered":"<p>Os pre\u00e7os da gasolina e do diesel vendidos para as distribuidoras de combust\u00edveis na Bahia ter\u00e3o reajuste de 2,3% e 1,1%, respectivamente. O an\u00fancio foi feito nesta quinta-feira (30), pela Acelen, empresa que administra a Refinaria Mataripe.\u00a0 J\u00e1 o valor do G\u00e1s Liquefeito de Petr\u00f3leo (GLP) teve redu\u00e7\u00e3o de 4,45% para as distribuidoras de g\u00e1s [&hellip;]<\/p>\n","protected":false},"author":2,"featured_media":114152,"comment_status":"closed","ping_status":"open","sticky":false,"template":"","format":"standard","meta":{"footnotes":"","_links_to":"","_links_to_target":""},"categories":[1],"tags":[],"class_list":["post-114150","post","type-post","status-publish","format-standard","has-post-thumbnail","hentry","category-geral"],"views":566,"_links":{"self":[{"href":"https:\/\/www.sudoestehoje.com.br\/novoportal\/wp-json\/wp\/v2\/posts\/114150","targetHints":{"allow":["GET"]}}],"collection":[{"href":"https:\/\/www.sudoestehoje.com.br\/novoportal\/wp-json\/wp\/v2\/posts"}],"about":[{"href":"https:\/\/www.sudoestehoje.com.br\/novoportal\/wp-json\/wp\/v2\/types\/post"}],"author":[{"embeddable":true,"href":"https:\/\/www.sudoestehoje.com.br\/novoportal\/wp-json\/wp\/v2\/users\/2"}],"replies":[{"embeddable":true,"href":"https:\/\/www.sudoestehoje.com.br\/novoportal\/wp-json\/wp\/v2\/comments?post=114150"}],"version-history":[{"count":2,"href":"https:\/\/www.sudoestehoje.com.br\/novoportal\/wp-json\/wp\/v2\/posts\/114150\/revisions"}],"predecessor-version":[{"id":114153,"href":"https:\/\/www.sudoestehoje.com.br\/novoportal\/wp-json\/wp\/v2\/posts\/114150\/revisions\/114153"}],"wp:featuredmedia":[{"embeddable":true,"href":"https:\/\/www.sudoestehoje.com.br\/novoportal\/wp-json\/wp\/v2\/media\/114152"}],"wp:attachment":[{"href":"https:\/\/www.sudoestehoje.com.br\/novoportal\/wp-json\/wp\/v2\/media?parent=114150"}],"wp:term":[{"taxonomy":"category","embeddable":true,"href":"https:\/\/www.sudoestehoje.com.br\/novoportal\/wp-json\/wp\/v2\/categories?post=114150"},{"taxonomy":"post_tag","embeddable":true,"href":"https:\/\/www.sudoestehoje.com.br\/novoportal\/wp-json\/wp\/v2\/tags?post=114150"}],"curies":[{"name":"wp","href":"https:\/\/api.w.org\/{rel}","templated":true}]}}