
{"id":114113,"date":"2023-11-30T10:32:48","date_gmt":"2023-11-30T13:32:48","guid":{"rendered":"https:\/\/www.sudoestehoje.com.br\/novoportal\/?p=114113"},"modified":"2023-12-01T09:03:46","modified_gmt":"2023-12-01T12:03:46","slug":"itagiba-lapide-em-praca-gera-polemica-e-divide-opinioes-prefeitura-autorizou","status":"publish","type":"post","link":"https:\/\/www.sudoestehoje.com.br\/novoportal\/2023\/11\/30\/itagiba-lapide-em-praca-gera-polemica-e-divide-opinioes-prefeitura-autorizou\/","title":{"rendered":"ITAGIB\u00c1 | L\u00c1PIDE EM PRA\u00c7A GERA POL\u00caMICA E DIVIDE OPINI\u00d5ES; PREFEITURA AUTORIZOU"},"content":{"rendered":"<p><img loading=\"lazy\" decoding=\"async\" class=\"alignnone wp-image-114117\" src=\"https:\/\/www.sudoestehoje.com.br\/novoportal\/wp-content\/uploads\/2023\/11\/IMAGEM_NOTICIA_9-2-1-600x315.webp\" alt=\"\" width=\"550\" height=\"289\" srcset=\"https:\/\/www.sudoestehoje.com.br\/novoportal\/wp-content\/uploads\/2023\/11\/IMAGEM_NOTICIA_9-2-1-600x315.webp 600w, https:\/\/www.sudoestehoje.com.br\/novoportal\/wp-content\/uploads\/2023\/11\/IMAGEM_NOTICIA_9-2-1-700x368.webp 700w, https:\/\/www.sudoestehoje.com.br\/novoportal\/wp-content\/uploads\/2023\/11\/IMAGEM_NOTICIA_9-2-1-768x403.webp 768w, https:\/\/www.sudoestehoje.com.br\/novoportal\/wp-content\/uploads\/2023\/11\/IMAGEM_NOTICIA_9-2-1.webp 1200w\" sizes=\"auto, (max-width: 550px) 100vw, 550px\" \/><\/p>\n<p><strong>Uma l\u00e1pide fincada na principal pra\u00e7a de<a href=\"https:\/\/www.bahianoticias.com.br\/tags\/itagib%C3%A1\" target=\"_blank\" rel=\"noopener\">\u00a0<span style=\"color: #0000ff;\">Itagib\u00e1<\/span><\/a>, \u00a0na regi\u00e3o do M\u00e9dio Rio de Contas, Sudoeste baiano, tem causado pol\u00eamica. Homenagem a um nascido na cidade que faleceu v\u00edtima de um c\u00e2ncer, a placa foi autorizada pela prefeitura, mas mesmo assim, diversos moradores n\u00e3o consideraram o ato correto.<\/strong><\/p>\n<p><strong>Segundo o Giro em Ipia\u00fa, para eles, as cinzas de Francisco Matos Lima, depositadas no jardim da Pra\u00e7a Duque de Caxias, deveriam ser levadas para outro local. H\u00e1 quem ainda defenda a escolha do local para a homenagem, afirmando que o jardim \u00e9 uma rever\u00eancia ao legado do morador.<\/strong><\/p>\n<p><strong>A prefeitura da cidade, que teria autorizado a instala\u00e7\u00e3o da l\u00e1pide, foi procurada, mas at\u00e9 o momento n\u00e3o se manifestou sobre a controv\u00e9rsia.\u00a0<\/strong><\/p>\n","protected":false},"excerpt":{"rendered":"<p>Uma l\u00e1pide fincada na principal pra\u00e7a de\u00a0Itagib\u00e1, \u00a0na regi\u00e3o do M\u00e9dio Rio de Contas, Sudoeste baiano, tem causado pol\u00eamica. Homenagem a um nascido na cidade que faleceu v\u00edtima de um c\u00e2ncer, a placa foi autorizada pela prefeitura, mas mesmo assim, diversos moradores n\u00e3o consideraram o ato correto. Segundo o Giro em Ipia\u00fa, para eles, as [&hellip;]<\/p>\n","protected":false},"author":2,"featured_media":114117,"comment_status":"closed","ping_status":"open","sticky":false,"template":"","format":"standard","meta":{"footnotes":"","_links_to":"","_links_to_target":""},"categories":[1],"tags":[],"class_list":["post-114113","post","type-post","status-publish","format-standard","has-post-thumbnail","hentry","category-geral"],"views":706,"_links":{"self":[{"href":"https:\/\/www.sudoestehoje.com.br\/novoportal\/wp-json\/wp\/v2\/posts\/114113","targetHints":{"allow":["GET"]}}],"collection":[{"href":"https:\/\/www.sudoestehoje.com.br\/novoportal\/wp-json\/wp\/v2\/posts"}],"about":[{"href":"https:\/\/www.sudoestehoje.com.br\/novoportal\/wp-json\/wp\/v2\/types\/post"}],"author":[{"embeddable":true,"href":"https:\/\/www.sudoestehoje.com.br\/novoportal\/wp-json\/wp\/v2\/users\/2"}],"replies":[{"embeddable":true,"href":"https:\/\/www.sudoestehoje.com.br\/novoportal\/wp-json\/wp\/v2\/comments?post=114113"}],"version-history":[{"count":5,"href":"https:\/\/www.sudoestehoje.com.br\/novoportal\/wp-json\/wp\/v2\/posts\/114113\/revisions"}],"predecessor-version":[{"id":114119,"href":"https:\/\/www.sudoestehoje.com.br\/novoportal\/wp-json\/wp\/v2\/posts\/114113\/revisions\/114119"}],"wp:featuredmedia":[{"embeddable":true,"href":"https:\/\/www.sudoestehoje.com.br\/novoportal\/wp-json\/wp\/v2\/media\/114117"}],"wp:attachment":[{"href":"https:\/\/www.sudoestehoje.com.br\/novoportal\/wp-json\/wp\/v2\/media?parent=114113"}],"wp:term":[{"taxonomy":"category","embeddable":true,"href":"https:\/\/www.sudoestehoje.com.br\/novoportal\/wp-json\/wp\/v2\/categories?post=114113"},{"taxonomy":"post_tag","embeddable":true,"href":"https:\/\/www.sudoestehoje.com.br\/novoportal\/wp-json\/wp\/v2\/tags?post=114113"}],"curies":[{"name":"wp","href":"https:\/\/api.w.org\/{rel}","templated":true}]}}