
{"id":114108,"date":"2023-11-30T09:15:40","date_gmt":"2023-11-30T12:15:40","guid":{"rendered":"https:\/\/www.sudoestehoje.com.br\/novoportal\/?p=114108"},"modified":"2023-11-30T09:45:42","modified_gmt":"2023-11-30T12:45:42","slug":"jovem-de-itororo-morre-em-grave-acidente-na-ba-263-na-noite-desta-quarta-29","status":"publish","type":"post","link":"https:\/\/www.sudoestehoje.com.br\/novoportal\/2023\/11\/30\/jovem-de-itororo-morre-em-grave-acidente-na-ba-263-na-noite-desta-quarta-29\/","title":{"rendered":"JOVEM DE ITOROR\u00d3 MORRE EM GRAVE ACIDENTE NA BA-263, NA NOITE DESTA QUARTA (29)"},"content":{"rendered":"<p><img loading=\"lazy\" decoding=\"async\" class=\"alignnone wp-image-114110\" src=\"https:\/\/www.sudoestehoje.com.br\/novoportal\/wp-content\/uploads\/2023\/11\/23efd331-e9d9-4a7c-b6e1-35f166a166ee-600x493.jpg\" alt=\"\" width=\"551\" height=\"453\" srcset=\"https:\/\/www.sudoestehoje.com.br\/novoportal\/wp-content\/uploads\/2023\/11\/23efd331-e9d9-4a7c-b6e1-35f166a166ee-600x493.jpg 600w, https:\/\/www.sudoestehoje.com.br\/novoportal\/wp-content\/uploads\/2023\/11\/23efd331-e9d9-4a7c-b6e1-35f166a166ee-700x575.jpg 700w, https:\/\/www.sudoestehoje.com.br\/novoportal\/wp-content\/uploads\/2023\/11\/23efd331-e9d9-4a7c-b6e1-35f166a166ee.jpg 754w\" sizes=\"auto, (max-width: 551px) 100vw, 551px\" \/><\/p>\n<p><strong>Um grave acidente de autom\u00f3vel ceifou a vida do jovem Diogo Rosa dos Santos Junior, de apenas 17 anos, na noite desta quarta-feira (29), na rodovia BA-263, no trecho entre Itapetinga e Itoror\u00f3.<\/strong><\/p>\n<p><strong>Segundo informa\u00e7\u00f5es, Diogo e um amigo retornavam de Itapetinga para Itoror\u00f3, onde residia, quando o ve\u00edculo saiu da pista, ferindo fatalmente o jovem estudante do Col\u00e9gio Batista de Itapetinga.<\/strong><\/p>\n<p><strong>Diogo era filho de um conhecido comerciante da cidade de Itoror\u00f3, onde a popula\u00e7\u00e3o est\u00e1 extremamente comovida com a sua morte prematura.<\/strong><\/p>\n<p><strong>O corpo foi conduzido para o IML de Itapetinga, devendo ser ser liberado ainda nesta quinta (30), para sepultamento.<\/strong><\/p>\n<p><strong>Por Davi Ferraz<\/strong><\/p>\n","protected":false},"excerpt":{"rendered":"<p>Um grave acidente de autom\u00f3vel ceifou a vida do jovem Diogo Rosa dos Santos Junior, de apenas 17 anos, na noite desta quarta-feira (29), na rodovia BA-263, no trecho entre Itapetinga e Itoror\u00f3. Segundo informa\u00e7\u00f5es, Diogo e um amigo retornavam de Itapetinga para Itoror\u00f3, onde residia, quando o ve\u00edculo saiu da pista, ferindo fatalmente o [&hellip;]<\/p>\n","protected":false},"author":2,"featured_media":114110,"comment_status":"closed","ping_status":"open","sticky":false,"template":"","format":"standard","meta":{"footnotes":"","_links_to":"","_links_to_target":""},"categories":[1],"tags":[],"class_list":["post-114108","post","type-post","status-publish","format-standard","has-post-thumbnail","hentry","category-geral"],"views":2083,"_links":{"self":[{"href":"https:\/\/www.sudoestehoje.com.br\/novoportal\/wp-json\/wp\/v2\/posts\/114108","targetHints":{"allow":["GET"]}}],"collection":[{"href":"https:\/\/www.sudoestehoje.com.br\/novoportal\/wp-json\/wp\/v2\/posts"}],"about":[{"href":"https:\/\/www.sudoestehoje.com.br\/novoportal\/wp-json\/wp\/v2\/types\/post"}],"author":[{"embeddable":true,"href":"https:\/\/www.sudoestehoje.com.br\/novoportal\/wp-json\/wp\/v2\/users\/2"}],"replies":[{"embeddable":true,"href":"https:\/\/www.sudoestehoje.com.br\/novoportal\/wp-json\/wp\/v2\/comments?post=114108"}],"version-history":[{"count":3,"href":"https:\/\/www.sudoestehoje.com.br\/novoportal\/wp-json\/wp\/v2\/posts\/114108\/revisions"}],"predecessor-version":[{"id":114112,"href":"https:\/\/www.sudoestehoje.com.br\/novoportal\/wp-json\/wp\/v2\/posts\/114108\/revisions\/114112"}],"wp:featuredmedia":[{"embeddable":true,"href":"https:\/\/www.sudoestehoje.com.br\/novoportal\/wp-json\/wp\/v2\/media\/114110"}],"wp:attachment":[{"href":"https:\/\/www.sudoestehoje.com.br\/novoportal\/wp-json\/wp\/v2\/media?parent=114108"}],"wp:term":[{"taxonomy":"category","embeddable":true,"href":"https:\/\/www.sudoestehoje.com.br\/novoportal\/wp-json\/wp\/v2\/categories?post=114108"},{"taxonomy":"post_tag","embeddable":true,"href":"https:\/\/www.sudoestehoje.com.br\/novoportal\/wp-json\/wp\/v2\/tags?post=114108"}],"curies":[{"name":"wp","href":"https:\/\/api.w.org\/{rel}","templated":true}]}}