
{"id":114105,"date":"2023-11-30T08:37:43","date_gmt":"2023-11-30T11:37:43","guid":{"rendered":"https:\/\/www.sudoestehoje.com.br\/novoportal\/?p=114105"},"modified":"2023-11-30T08:37:43","modified_gmt":"2023-11-30T11:37:43","slug":"educacao-precaria-professores-da-uesb-uesc-e-uefs-paralisam-nesta-quinta-30","status":"publish","type":"post","link":"https:\/\/www.sudoestehoje.com.br\/novoportal\/2023\/11\/30\/educacao-precaria-professores-da-uesb-uesc-e-uefs-paralisam-nesta-quinta-30\/","title":{"rendered":"EDUCA\u00c7\u00c3O PREC\u00c1RIA | PROFESSORES DA UESB, UESC E UEFS PARALISAM NESTA QUINTA (30)"},"content":{"rendered":"<p><img loading=\"lazy\" decoding=\"async\" class=\"alignnone size-full wp-image-114097\" src=\"https:\/\/www.sudoestehoje.com.br\/novoportal\/wp-content\/uploads\/2023\/11\/UESB1.jpg\" alt=\"\" width=\"500\" height=\"300\" \/><\/p>\n<p><strong>Docentes da Universidade Estadual do Sudoeste da Bahia, com campi em Vit\u00f3ria da Conquista, Itapetinga e Jequi\u00e9, paralisam suas atividades, nesta quinta-feira (30), para protocolar a lista de reivindica\u00e7\u00f5es da categoria para 2024 na sede do Governo do Estado, em Salvador. Tamb\u00e9m participam professores das universidades estaduais de Feira de Santana (Uesf) e\u00a0 Santa Cruz (Uesc).<\/strong><\/p>\n<p><strong>NEGOCIA\u00c7\u00d5ES COM GOVERNO N\u00c3O AVAN\u00c7AM<\/strong><\/p>\n<p><strong>De acordo com a Associa\u00e7\u00e3o dos Professores da Uesc, o objetivo do ato \u00e9 pressionar o Governo da Bahia a atender as demandas das universidades estaduais. Para a entidade, as negocia\u00e7\u00f5es com a gest\u00e3o do governador Jer\u00f4nimo Rodrigues, iniciadas neste ano, n\u00e3o tiveram avan\u00e7o significativo.<\/strong><\/p>\n<p><strong><em>\u201cAs universidades estaduais seguem com dificuldades or\u00e7ament\u00e1rias, sem autonomia administrativa, sem uma pol\u00edtica eficaz de perman\u00eancia estudantil e com diversos direitos trabalhistas de docentes e servidores t\u00e9cnicos desrespeitados\u201d<\/em>, concluiu a nota divulgada pela Adusc.<\/strong><\/p>\n","protected":false},"excerpt":{"rendered":"<p>Docentes da Universidade Estadual do Sudoeste da Bahia, com campi em Vit\u00f3ria da Conquista, Itapetinga e Jequi\u00e9, paralisam suas atividades, nesta quinta-feira (30), para protocolar a lista de reivindica\u00e7\u00f5es da categoria para 2024 na sede do Governo do Estado, em Salvador. Tamb\u00e9m participam professores das universidades estaduais de Feira de Santana (Uesf) e\u00a0 Santa Cruz [&hellip;]<\/p>\n","protected":false},"author":2,"featured_media":114097,"comment_status":"closed","ping_status":"open","sticky":false,"template":"","format":"standard","meta":{"footnotes":"","_links_to":"","_links_to_target":""},"categories":[1],"tags":[],"class_list":["post-114105","post","type-post","status-publish","format-standard","has-post-thumbnail","hentry","category-geral"],"views":640,"_links":{"self":[{"href":"https:\/\/www.sudoestehoje.com.br\/novoportal\/wp-json\/wp\/v2\/posts\/114105","targetHints":{"allow":["GET"]}}],"collection":[{"href":"https:\/\/www.sudoestehoje.com.br\/novoportal\/wp-json\/wp\/v2\/posts"}],"about":[{"href":"https:\/\/www.sudoestehoje.com.br\/novoportal\/wp-json\/wp\/v2\/types\/post"}],"author":[{"embeddable":true,"href":"https:\/\/www.sudoestehoje.com.br\/novoportal\/wp-json\/wp\/v2\/users\/2"}],"replies":[{"embeddable":true,"href":"https:\/\/www.sudoestehoje.com.br\/novoportal\/wp-json\/wp\/v2\/comments?post=114105"}],"version-history":[{"count":2,"href":"https:\/\/www.sudoestehoje.com.br\/novoportal\/wp-json\/wp\/v2\/posts\/114105\/revisions"}],"predecessor-version":[{"id":114107,"href":"https:\/\/www.sudoestehoje.com.br\/novoportal\/wp-json\/wp\/v2\/posts\/114105\/revisions\/114107"}],"wp:featuredmedia":[{"embeddable":true,"href":"https:\/\/www.sudoestehoje.com.br\/novoportal\/wp-json\/wp\/v2\/media\/114097"}],"wp:attachment":[{"href":"https:\/\/www.sudoestehoje.com.br\/novoportal\/wp-json\/wp\/v2\/media?parent=114105"}],"wp:term":[{"taxonomy":"category","embeddable":true,"href":"https:\/\/www.sudoestehoje.com.br\/novoportal\/wp-json\/wp\/v2\/categories?post=114105"},{"taxonomy":"post_tag","embeddable":true,"href":"https:\/\/www.sudoestehoje.com.br\/novoportal\/wp-json\/wp\/v2\/tags?post=114105"}],"curies":[{"name":"wp","href":"https:\/\/api.w.org\/{rel}","templated":true}]}}