
{"id":114101,"date":"2023-11-30T08:21:26","date_gmt":"2023-11-30T11:21:26","guid":{"rendered":"https:\/\/www.sudoestehoje.com.br\/novoportal\/?p=114101"},"modified":"2023-11-30T08:21:26","modified_gmt":"2023-11-30T11:21:26","slug":"primeira-parcela-do-13o-salario-deve-ser-paga-ate-esta-quinta-feira-30","status":"publish","type":"post","link":"https:\/\/www.sudoestehoje.com.br\/novoportal\/2023\/11\/30\/primeira-parcela-do-13o-salario-deve-ser-paga-ate-esta-quinta-feira-30\/","title":{"rendered":"PRIMEIRA PARCELA DO 13\u00ba SAL\u00c1RIO DEVE SER PAGA AT\u00c9 ESTA QUINTA-FEIRA (30)"},"content":{"rendered":"<p><img loading=\"lazy\" decoding=\"async\" class=\"alignnone  wp-image-114102\" src=\"https:\/\/www.sudoestehoje.com.br\/novoportal\/wp-content\/uploads\/2023\/11\/13_salario_compromissos_empregador-600x314.jpeg\" alt=\"\" width=\"551\" height=\"288\" srcset=\"https:\/\/www.sudoestehoje.com.br\/novoportal\/wp-content\/uploads\/2023\/11\/13_salario_compromissos_empregador-600x314.jpeg 600w, https:\/\/www.sudoestehoje.com.br\/novoportal\/wp-content\/uploads\/2023\/11\/13_salario_compromissos_empregador-700x366.jpeg 700w, https:\/\/www.sudoestehoje.com.br\/novoportal\/wp-content\/uploads\/2023\/11\/13_salario_compromissos_empregador-768x402.jpeg 768w, https:\/\/www.sudoestehoje.com.br\/novoportal\/wp-content\/uploads\/2023\/11\/13_salario_compromissos_empregador-1536x804.jpeg 1536w, https:\/\/www.sudoestehoje.com.br\/novoportal\/wp-content\/uploads\/2023\/11\/13_salario_compromissos_empregador-2048x1072.jpeg 2048w\" sizes=\"auto, (max-width: 551px) 100vw, 551px\" \/><\/p>\n<p><strong>Um dos principais benef\u00edcios trabalhistas do pa\u00eds, o d\u00e9cimo terceiro sal\u00e1rio tem a primeira parcela paga at\u00e9 esta quinta-feira (30). A partir de 1\u00ba de dezembro, o empregado com carteira assinada come\u00e7ar\u00e1 a receber a segunda parcela, que deve ser paga at\u00e9 20 de dezembro.<\/strong><\/p>\n<p><strong>Segundo o Departamento Intersindical de Estat\u00edstica e Estudos Socioecon\u00f4micos (Dieese), o sal\u00e1rio extra injetar\u00e1 R$ 291 bilh\u00f5es na economia neste ano. Em m\u00e9dia, cada trabalhador dever\u00e1 receber R$ 3.057.<\/strong><\/p>\n<p><strong>Essas datas valem apenas para os trabalhadores na ativa. Como nos \u00faltimos anos, o d\u00e9cimo terceiro dos aposentados e pensionistas do Instituto Nacional do Seguro Social (INSS) foi antecipado. A primeira parcela foi paga entre 25 de maio e 8 de junho. A segunda foi depositada de 26 de junho a 7 de julho.<\/strong><\/p>\n","protected":false},"excerpt":{"rendered":"<p>Um dos principais benef\u00edcios trabalhistas do pa\u00eds, o d\u00e9cimo terceiro sal\u00e1rio tem a primeira parcela paga at\u00e9 esta quinta-feira (30). A partir de 1\u00ba de dezembro, o empregado com carteira assinada come\u00e7ar\u00e1 a receber a segunda parcela, que deve ser paga at\u00e9 20 de dezembro. Segundo o Departamento Intersindical de Estat\u00edstica e Estudos Socioecon\u00f4micos (Dieese), [&hellip;]<\/p>\n","protected":false},"author":2,"featured_media":114102,"comment_status":"closed","ping_status":"open","sticky":false,"template":"","format":"standard","meta":{"footnotes":"","_links_to":"","_links_to_target":""},"categories":[1],"tags":[],"class_list":["post-114101","post","type-post","status-publish","format-standard","has-post-thumbnail","hentry","category-geral"],"views":601,"_links":{"self":[{"href":"https:\/\/www.sudoestehoje.com.br\/novoportal\/wp-json\/wp\/v2\/posts\/114101","targetHints":{"allow":["GET"]}}],"collection":[{"href":"https:\/\/www.sudoestehoje.com.br\/novoportal\/wp-json\/wp\/v2\/posts"}],"about":[{"href":"https:\/\/www.sudoestehoje.com.br\/novoportal\/wp-json\/wp\/v2\/types\/post"}],"author":[{"embeddable":true,"href":"https:\/\/www.sudoestehoje.com.br\/novoportal\/wp-json\/wp\/v2\/users\/2"}],"replies":[{"embeddable":true,"href":"https:\/\/www.sudoestehoje.com.br\/novoportal\/wp-json\/wp\/v2\/comments?post=114101"}],"version-history":[{"count":1,"href":"https:\/\/www.sudoestehoje.com.br\/novoportal\/wp-json\/wp\/v2\/posts\/114101\/revisions"}],"predecessor-version":[{"id":114103,"href":"https:\/\/www.sudoestehoje.com.br\/novoportal\/wp-json\/wp\/v2\/posts\/114101\/revisions\/114103"}],"wp:featuredmedia":[{"embeddable":true,"href":"https:\/\/www.sudoestehoje.com.br\/novoportal\/wp-json\/wp\/v2\/media\/114102"}],"wp:attachment":[{"href":"https:\/\/www.sudoestehoje.com.br\/novoportal\/wp-json\/wp\/v2\/media?parent=114101"}],"wp:term":[{"taxonomy":"category","embeddable":true,"href":"https:\/\/www.sudoestehoje.com.br\/novoportal\/wp-json\/wp\/v2\/categories?post=114101"},{"taxonomy":"post_tag","embeddable":true,"href":"https:\/\/www.sudoestehoje.com.br\/novoportal\/wp-json\/wp\/v2\/tags?post=114101"}],"curies":[{"name":"wp","href":"https:\/\/api.w.org\/{rel}","templated":true}]}}