
{"id":114093,"date":"2023-11-29T17:12:04","date_gmt":"2023-11-29T20:12:04","guid":{"rendered":"https:\/\/www.sudoestehoje.com.br\/novoportal\/?p=114093"},"modified":"2023-11-29T17:12:04","modified_gmt":"2023-11-29T20:12:04","slug":"bahia-planserv-inicia-implantacao-da-biometria-facial-para-todos-os-beneficiarios","status":"publish","type":"post","link":"https:\/\/www.sudoestehoje.com.br\/novoportal\/2023\/11\/29\/bahia-planserv-inicia-implantacao-da-biometria-facial-para-todos-os-beneficiarios\/","title":{"rendered":"BAHIA | PLANSERV INICIA IMPLANTA\u00c7\u00c3O DA BIOMETRIA FACIAL PARA TODOS OS BENEFICI\u00c1RIOS"},"content":{"rendered":"<p><img loading=\"lazy\" decoding=\"async\" class=\"alignnone  wp-image-114094\" src=\"https:\/\/www.sudoestehoje.com.br\/novoportal\/wp-content\/uploads\/2023\/11\/BIOMETRIA-FACIAL-600x353.jpeg\" alt=\"\" width=\"549\" height=\"323\" srcset=\"https:\/\/www.sudoestehoje.com.br\/novoportal\/wp-content\/uploads\/2023\/11\/BIOMETRIA-FACIAL-600x353.jpeg 600w, https:\/\/www.sudoestehoje.com.br\/novoportal\/wp-content\/uploads\/2023\/11\/BIOMETRIA-FACIAL-700x412.jpeg 700w, https:\/\/www.sudoestehoje.com.br\/novoportal\/wp-content\/uploads\/2023\/11\/BIOMETRIA-FACIAL-768x452.jpeg 768w, https:\/\/www.sudoestehoje.com.br\/novoportal\/wp-content\/uploads\/2023\/11\/BIOMETRIA-FACIAL.jpeg 870w\" sizes=\"auto, (max-width: 549px) 100vw, 549px\" \/><\/p>\n<p><strong>A partir de 1\u00b0 de dezembro, o Planserv vai iniciar a implanta\u00e7\u00e3o da biometria facial para todos os benefici\u00e1rios. A medida visa garantir mais agilidade e seguran\u00e7a aos servi\u00e7os ofertados pela assist\u00eancia em todo o estado.<\/strong><\/p>\n<p><strong> \u201cO objetivo \u00e9 usar cada vez mais a tecnologia em favor da moderniza\u00e7\u00e3o do Planserv, aprimorando os servi\u00e7os tanto para benefici\u00e1rios como para prestadores\u201d, afirma a coordenadora-geral da assist\u00eancia, Socorro Brito.<\/strong><\/p>\n<p><strong>O cadastramento da biometria facial pode ser feito de duas formas: no aplicativo m\u00f3vel do Planserv ou no prestador de sa\u00fade, no ato do atendimento.<\/strong><\/p>\n","protected":false},"excerpt":{"rendered":"<p>A partir de 1\u00b0 de dezembro, o Planserv vai iniciar a implanta\u00e7\u00e3o da biometria facial para todos os benefici\u00e1rios. A medida visa garantir mais agilidade e seguran\u00e7a aos servi\u00e7os ofertados pela assist\u00eancia em todo o estado. \u201cO objetivo \u00e9 usar cada vez mais a tecnologia em favor da moderniza\u00e7\u00e3o do Planserv, aprimorando os servi\u00e7os tanto [&hellip;]<\/p>\n","protected":false},"author":2,"featured_media":114094,"comment_status":"closed","ping_status":"open","sticky":false,"template":"","format":"standard","meta":{"footnotes":"","_links_to":"","_links_to_target":""},"categories":[1],"tags":[],"class_list":["post-114093","post","type-post","status-publish","format-standard","has-post-thumbnail","hentry","category-geral"],"views":919,"_links":{"self":[{"href":"https:\/\/www.sudoestehoje.com.br\/novoportal\/wp-json\/wp\/v2\/posts\/114093","targetHints":{"allow":["GET"]}}],"collection":[{"href":"https:\/\/www.sudoestehoje.com.br\/novoportal\/wp-json\/wp\/v2\/posts"}],"about":[{"href":"https:\/\/www.sudoestehoje.com.br\/novoportal\/wp-json\/wp\/v2\/types\/post"}],"author":[{"embeddable":true,"href":"https:\/\/www.sudoestehoje.com.br\/novoportal\/wp-json\/wp\/v2\/users\/2"}],"replies":[{"embeddable":true,"href":"https:\/\/www.sudoestehoje.com.br\/novoportal\/wp-json\/wp\/v2\/comments?post=114093"}],"version-history":[{"count":1,"href":"https:\/\/www.sudoestehoje.com.br\/novoportal\/wp-json\/wp\/v2\/posts\/114093\/revisions"}],"predecessor-version":[{"id":114095,"href":"https:\/\/www.sudoestehoje.com.br\/novoportal\/wp-json\/wp\/v2\/posts\/114093\/revisions\/114095"}],"wp:featuredmedia":[{"embeddable":true,"href":"https:\/\/www.sudoestehoje.com.br\/novoportal\/wp-json\/wp\/v2\/media\/114094"}],"wp:attachment":[{"href":"https:\/\/www.sudoestehoje.com.br\/novoportal\/wp-json\/wp\/v2\/media?parent=114093"}],"wp:term":[{"taxonomy":"category","embeddable":true,"href":"https:\/\/www.sudoestehoje.com.br\/novoportal\/wp-json\/wp\/v2\/categories?post=114093"},{"taxonomy":"post_tag","embeddable":true,"href":"https:\/\/www.sudoestehoje.com.br\/novoportal\/wp-json\/wp\/v2\/tags?post=114093"}],"curies":[{"name":"wp","href":"https:\/\/api.w.org\/{rel}","templated":true}]}}