
{"id":114088,"date":"2023-11-29T10:33:06","date_gmt":"2023-11-29T13:33:06","guid":{"rendered":"https:\/\/www.sudoestehoje.com.br\/novoportal\/?p=114088"},"modified":"2023-11-29T10:33:06","modified_gmt":"2023-11-29T13:33:06","slug":"itapetinga-evento-do-pl-consolida-uniao-ampla-para-a-sucessao-em-2024","status":"publish","type":"post","link":"https:\/\/www.sudoestehoje.com.br\/novoportal\/2023\/11\/29\/itapetinga-evento-do-pl-consolida-uniao-ampla-para-a-sucessao-em-2024\/","title":{"rendered":"ITAPETINGA | EVENTO DO PL CONSOLIDA UNI\u00c3O AMPLA PARA A SUCESS\u00c3O EM 2024"},"content":{"rendered":"<p><img loading=\"lazy\" decoding=\"async\" class=\"alignnone  wp-image-114091\" src=\"https:\/\/www.sudoestehoje.com.br\/novoportal\/wp-content\/uploads\/2023\/11\/7ea115fd-778c-462a-ba96-8f37c759f1ab-600x391.jpg\" alt=\"\" width=\"551\" height=\"359\" srcset=\"https:\/\/www.sudoestehoje.com.br\/novoportal\/wp-content\/uploads\/2023\/11\/7ea115fd-778c-462a-ba96-8f37c759f1ab-600x391.jpg 600w, https:\/\/www.sudoestehoje.com.br\/novoportal\/wp-content\/uploads\/2023\/11\/7ea115fd-778c-462a-ba96-8f37c759f1ab-700x457.jpg 700w, https:\/\/www.sudoestehoje.com.br\/novoportal\/wp-content\/uploads\/2023\/11\/7ea115fd-778c-462a-ba96-8f37c759f1ab-768x501.jpg 768w, https:\/\/www.sudoestehoje.com.br\/novoportal\/wp-content\/uploads\/2023\/11\/7ea115fd-778c-462a-ba96-8f37c759f1ab.jpg 1084w\" sizes=\"auto, (max-width: 551px) 100vw, 551px\" \/><br \/>\n<strong>Na noite do dia 28, o Partido Liberal de Itapetinga, liderado pelo Presidente Saulo Oliveira e o Vice, Jo\u00e3o Brito, demonstrou for\u00e7a e comprometimento com a pol\u00edtica Itapetinguense.<\/strong><\/p>\n<p><strong>Ao lado de conhecidas lideran\u00e7as municipais e militantes do Partido, o PL apresentou sua nova executiva municipal e demonstrou ampla articula\u00e7\u00e3o na constru\u00e7\u00e3o do processo eleitoral.<\/strong><\/p>\n<p><strong> Consolida-se dessa forma uma grande for\u00e7a pol\u00edtica, que vem ao lado do com\u00e9rcio, da ind\u00fastria e do agro lutando em favor de Itapetinga.<\/strong><\/p>\n<p><strong>O Vice Presidente, Jo\u00e3o Brito, enfatizou que a palavra chave \u00e9 uni\u00e3o. &#8220;Itapetinga deve prosseguir no rumo do desenvolvimento, e essa responsabilidade passa por cada um de n\u00f3s. Unidos como um s\u00f3, podemos construir a Itapetinga do futuro&#8221; disse ele.<\/strong><\/p>\n<p><strong>Presente ao evento, o pr\u00e9-candidato a prefeito Eduardo Hagge (MDB), saudou a nova executiva do PL, que dever\u00e1 compor a sua base de apoio nas elei\u00e7\u00f5es de 2024.<\/strong><\/p>\n<p><strong>Reda\u00e7\u00e3o<\/strong><\/p>\n","protected":false},"excerpt":{"rendered":"<p>Na noite do dia 28, o Partido Liberal de Itapetinga, liderado pelo Presidente Saulo Oliveira e o Vice, Jo\u00e3o Brito, demonstrou for\u00e7a e comprometimento com a pol\u00edtica Itapetinguense. Ao lado de conhecidas lideran\u00e7as municipais e militantes do Partido, o PL apresentou sua nova executiva municipal e demonstrou ampla articula\u00e7\u00e3o na constru\u00e7\u00e3o do processo eleitoral. Consolida-se [&hellip;]<\/p>\n","protected":false},"author":2,"featured_media":114091,"comment_status":"closed","ping_status":"open","sticky":false,"template":"","format":"standard","meta":{"footnotes":"","_links_to":"","_links_to_target":""},"categories":[1],"tags":[],"class_list":["post-114088","post","type-post","status-publish","format-standard","has-post-thumbnail","hentry","category-geral"],"views":1010,"_links":{"self":[{"href":"https:\/\/www.sudoestehoje.com.br\/novoportal\/wp-json\/wp\/v2\/posts\/114088","targetHints":{"allow":["GET"]}}],"collection":[{"href":"https:\/\/www.sudoestehoje.com.br\/novoportal\/wp-json\/wp\/v2\/posts"}],"about":[{"href":"https:\/\/www.sudoestehoje.com.br\/novoportal\/wp-json\/wp\/v2\/types\/post"}],"author":[{"embeddable":true,"href":"https:\/\/www.sudoestehoje.com.br\/novoportal\/wp-json\/wp\/v2\/users\/2"}],"replies":[{"embeddable":true,"href":"https:\/\/www.sudoestehoje.com.br\/novoportal\/wp-json\/wp\/v2\/comments?post=114088"}],"version-history":[{"count":2,"href":"https:\/\/www.sudoestehoje.com.br\/novoportal\/wp-json\/wp\/v2\/posts\/114088\/revisions"}],"predecessor-version":[{"id":114092,"href":"https:\/\/www.sudoestehoje.com.br\/novoportal\/wp-json\/wp\/v2\/posts\/114088\/revisions\/114092"}],"wp:featuredmedia":[{"embeddable":true,"href":"https:\/\/www.sudoestehoje.com.br\/novoportal\/wp-json\/wp\/v2\/media\/114091"}],"wp:attachment":[{"href":"https:\/\/www.sudoestehoje.com.br\/novoportal\/wp-json\/wp\/v2\/media?parent=114088"}],"wp:term":[{"taxonomy":"category","embeddable":true,"href":"https:\/\/www.sudoestehoje.com.br\/novoportal\/wp-json\/wp\/v2\/categories?post=114088"},{"taxonomy":"post_tag","embeddable":true,"href":"https:\/\/www.sudoestehoje.com.br\/novoportal\/wp-json\/wp\/v2\/tags?post=114088"}],"curies":[{"name":"wp","href":"https:\/\/api.w.org\/{rel}","templated":true}]}}