
{"id":114083,"date":"2023-11-29T10:08:42","date_gmt":"2023-11-29T13:08:42","guid":{"rendered":"https:\/\/www.sudoestehoje.com.br\/novoportal\/?p=114083"},"modified":"2023-11-29T10:08:42","modified_gmt":"2023-11-29T13:08:42","slug":"agro-boi-gordo-registra-forte-alta-no-preco-nesta-terca-feira-28","status":"publish","type":"post","link":"https:\/\/www.sudoestehoje.com.br\/novoportal\/2023\/11\/29\/agro-boi-gordo-registra-forte-alta-no-preco-nesta-terca-feira-28\/","title":{"rendered":"AGRO | BOI GORDO REGISTRA FORTE ALTA NO PRE\u00c7O NESTA TER\u00c7A-FEIRA (28)"},"content":{"rendered":"<div id=\"js-text-clipboard\" class=\"notice-content__show js-notice-expand fix-height js-permit-copy\">\n<p><img loading=\"lazy\" decoding=\"async\" class=\"alignnone  wp-image-114086\" src=\"https:\/\/www.sudoestehoje.com.br\/novoportal\/wp-content\/uploads\/2023\/11\/mercado-do-boi-gordo-confira-o-resumo-do-mes-de-julho-e-a-expectativa-para-este-mes-600x342.jpg\" alt=\"\" width=\"551\" height=\"314\" srcset=\"https:\/\/www.sudoestehoje.com.br\/novoportal\/wp-content\/uploads\/2023\/11\/mercado-do-boi-gordo-confira-o-resumo-do-mes-de-julho-e-a-expectativa-para-este-mes-600x342.jpg 600w, https:\/\/www.sudoestehoje.com.br\/novoportal\/wp-content\/uploads\/2023\/11\/mercado-do-boi-gordo-confira-o-resumo-do-mes-de-julho-e-a-expectativa-para-este-mes-700x399.jpg 700w, https:\/\/www.sudoestehoje.com.br\/novoportal\/wp-content\/uploads\/2023\/11\/mercado-do-boi-gordo-confira-o-resumo-do-mes-de-julho-e-a-expectativa-para-este-mes-768x438.jpg 768w, https:\/\/www.sudoestehoje.com.br\/novoportal\/wp-content\/uploads\/2023\/11\/mercado-do-boi-gordo-confira-o-resumo-do-mes-de-julho-e-a-expectativa-para-este-mes.jpg 963w\" sizes=\"auto, (max-width: 551px) 100vw, 551px\" \/><\/p>\n<p><strong>A cota\u00e7\u00e3o do boi gordo come\u00e7ou a ter\u00e7a-feira (28) em forte alta, de 4,02%. O produto \u00e9 negociado a R$ 241,70 no estado de S\u00e3o Paulo. O valor \u00e9 referente \u00e0 arroba de 15 kg.\u00a0<\/strong><\/p>\n<p><strong>FRANGO CAI<\/strong><\/p>\n<p><strong>J\u00e1 o frango congelado registrou leve queda e o quilo \u00e9 comercializado a R$ 7,39 em S\u00e3o Paulo.\u00a0<\/strong><\/p>\n<p><strong>O pre\u00e7o do quilo do frango resfriado registra estabilidade e a mercadoria \u00e9 negociada a R$ 7,50\/kg, para a regi\u00e3o da grande S\u00e3o Paulo, S\u00e3o Jos\u00e9 do Rio Preto e Descalvado.\u00a0<\/strong><\/p>\n<p><strong>SUINO TEM ALTA<\/strong><\/p>\n<p><strong>O pre\u00e7o da carca\u00e7a su\u00edna especial registra alta e a mercadoria \u00e9 comercializada a R$ 10,01\/kg.<\/strong><\/p>\n<p><strong>Com rela\u00e7\u00e3o ao su\u00edno vivo, h\u00e1 estabilidade dos pre\u00e7os em todas as localidades monitoradas, \u00e0 exce\u00e7\u00e3o do Paran\u00e1 e S\u00e3o Paulo, que registraram altas. A mercadoria \u00e9 negociada a R$ 6,47 e R$ 6,73 nestes estados, respectivamente.<\/strong><\/p>\n<p><strong>Os valores s\u00e3o do\u00a0<a href=\"https:\/\/www.cepea.esalq.usp.br\/br\">Cepea<\/a>.<\/strong><\/p>\n<\/div>\n","protected":false},"excerpt":{"rendered":"<p>A cota\u00e7\u00e3o do boi gordo come\u00e7ou a ter\u00e7a-feira (28) em forte alta, de 4,02%. O produto \u00e9 negociado a R$ 241,70 no estado de S\u00e3o Paulo. O valor \u00e9 referente \u00e0 arroba de 15 kg.\u00a0 FRANGO CAI J\u00e1 o frango congelado registrou leve queda e o quilo \u00e9 comercializado a R$ 7,39 em S\u00e3o Paulo.\u00a0 [&hellip;]<\/p>\n","protected":false},"author":2,"featured_media":114086,"comment_status":"closed","ping_status":"open","sticky":false,"template":"","format":"standard","meta":{"footnotes":"","_links_to":"","_links_to_target":""},"categories":[1],"tags":[],"class_list":["post-114083","post","type-post","status-publish","format-standard","has-post-thumbnail","hentry","category-geral"],"views":966,"_links":{"self":[{"href":"https:\/\/www.sudoestehoje.com.br\/novoportal\/wp-json\/wp\/v2\/posts\/114083","targetHints":{"allow":["GET"]}}],"collection":[{"href":"https:\/\/www.sudoestehoje.com.br\/novoportal\/wp-json\/wp\/v2\/posts"}],"about":[{"href":"https:\/\/www.sudoestehoje.com.br\/novoportal\/wp-json\/wp\/v2\/types\/post"}],"author":[{"embeddable":true,"href":"https:\/\/www.sudoestehoje.com.br\/novoportal\/wp-json\/wp\/v2\/users\/2"}],"replies":[{"embeddable":true,"href":"https:\/\/www.sudoestehoje.com.br\/novoportal\/wp-json\/wp\/v2\/comments?post=114083"}],"version-history":[{"count":3,"href":"https:\/\/www.sudoestehoje.com.br\/novoportal\/wp-json\/wp\/v2\/posts\/114083\/revisions"}],"predecessor-version":[{"id":114087,"href":"https:\/\/www.sudoestehoje.com.br\/novoportal\/wp-json\/wp\/v2\/posts\/114083\/revisions\/114087"}],"wp:featuredmedia":[{"embeddable":true,"href":"https:\/\/www.sudoestehoje.com.br\/novoportal\/wp-json\/wp\/v2\/media\/114086"}],"wp:attachment":[{"href":"https:\/\/www.sudoestehoje.com.br\/novoportal\/wp-json\/wp\/v2\/media?parent=114083"}],"wp:term":[{"taxonomy":"category","embeddable":true,"href":"https:\/\/www.sudoestehoje.com.br\/novoportal\/wp-json\/wp\/v2\/categories?post=114083"},{"taxonomy":"post_tag","embeddable":true,"href":"https:\/\/www.sudoestehoje.com.br\/novoportal\/wp-json\/wp\/v2\/tags?post=114083"}],"curies":[{"name":"wp","href":"https:\/\/api.w.org\/{rel}","templated":true}]}}