
{"id":114080,"date":"2023-11-29T08:26:17","date_gmt":"2023-11-29T11:26:17","guid":{"rendered":"https:\/\/www.sudoestehoje.com.br\/novoportal\/?p=114080"},"modified":"2023-11-29T08:26:17","modified_gmt":"2023-11-29T11:26:17","slug":"morre-aos-100-anos-o-ex-prefeito-de-itabuna-jose-oduque-teixeira","status":"publish","type":"post","link":"https:\/\/www.sudoestehoje.com.br\/novoportal\/2023\/11\/29\/morre-aos-100-anos-o-ex-prefeito-de-itabuna-jose-oduque-teixeira\/","title":{"rendered":"MORRE AOS 100 ANOS, O EX-PREFEITO DE ITABUNA JOS\u00c9 ODUQUE TEIXEIRA"},"content":{"rendered":"<p><img loading=\"lazy\" decoding=\"async\" class=\"alignnone  wp-image-114081\" src=\"https:\/\/www.sudoestehoje.com.br\/novoportal\/wp-content\/uploads\/2023\/11\/IMAGEM_NOTICIA_9-5-600x315.webp\" alt=\"\" width=\"549\" height=\"288\" srcset=\"https:\/\/www.sudoestehoje.com.br\/novoportal\/wp-content\/uploads\/2023\/11\/IMAGEM_NOTICIA_9-5-600x315.webp 600w, https:\/\/www.sudoestehoje.com.br\/novoportal\/wp-content\/uploads\/2023\/11\/IMAGEM_NOTICIA_9-5-700x368.webp 700w, https:\/\/www.sudoestehoje.com.br\/novoportal\/wp-content\/uploads\/2023\/11\/IMAGEM_NOTICIA_9-5-768x403.webp 768w, https:\/\/www.sudoestehoje.com.br\/novoportal\/wp-content\/uploads\/2023\/11\/IMAGEM_NOTICIA_9-5.webp 1200w\" sizes=\"auto, (max-width: 549px) 100vw, 549px\" \/><\/p>\n<p><strong>O ex-prefeito de\u00a0Itabuna, no Sul, Jos\u00e9 Oduque Teixeira, morreu na madrugada desta quarta-feira (29). O tamb\u00e9m empres\u00e1rio tinha 100 anos e foi a \u00f3bito na casa onde morava. A causa da morte n\u00e3o foi informada.<\/strong><\/p>\n<p><strong>Segundo o\u00a0Pol\u00edticos do Sul da Bahia, Oduque Teixeira foi prefeito de Itabuna na d\u00e9cada de 70 e ficou marcado por obras, como a sede da prefeitura (atual FTC). Oduque tamb\u00e9m fez o sucessor dele \u00e0 frente da prefeitura, o tamb\u00e9m falecido Fernando Gomes.<\/strong><\/p>\n<p><strong>O ex-gestor itabunense j\u00e1 foi considerado um dos homens mais ricos do sul da Bahia e recebeu o apelido de \u201cTio Patinhas\u201d. At\u00e9 o momento n\u00e3o h\u00e1 informa\u00e7\u00f5es sobre vel\u00f3rio e sepultamento.<\/strong><\/p>\n","protected":false},"excerpt":{"rendered":"<p>O ex-prefeito de\u00a0Itabuna, no Sul, Jos\u00e9 Oduque Teixeira, morreu na madrugada desta quarta-feira (29). O tamb\u00e9m empres\u00e1rio tinha 100 anos e foi a \u00f3bito na casa onde morava. A causa da morte n\u00e3o foi informada. Segundo o\u00a0Pol\u00edticos do Sul da Bahia, Oduque Teixeira foi prefeito de Itabuna na d\u00e9cada de 70 e ficou marcado por [&hellip;]<\/p>\n","protected":false},"author":2,"featured_media":114081,"comment_status":"closed","ping_status":"open","sticky":false,"template":"","format":"standard","meta":{"footnotes":"","_links_to":"","_links_to_target":""},"categories":[1],"tags":[],"class_list":["post-114080","post","type-post","status-publish","format-standard","has-post-thumbnail","hentry","category-geral"],"views":730,"_links":{"self":[{"href":"https:\/\/www.sudoestehoje.com.br\/novoportal\/wp-json\/wp\/v2\/posts\/114080","targetHints":{"allow":["GET"]}}],"collection":[{"href":"https:\/\/www.sudoestehoje.com.br\/novoportal\/wp-json\/wp\/v2\/posts"}],"about":[{"href":"https:\/\/www.sudoestehoje.com.br\/novoportal\/wp-json\/wp\/v2\/types\/post"}],"author":[{"embeddable":true,"href":"https:\/\/www.sudoestehoje.com.br\/novoportal\/wp-json\/wp\/v2\/users\/2"}],"replies":[{"embeddable":true,"href":"https:\/\/www.sudoestehoje.com.br\/novoportal\/wp-json\/wp\/v2\/comments?post=114080"}],"version-history":[{"count":1,"href":"https:\/\/www.sudoestehoje.com.br\/novoportal\/wp-json\/wp\/v2\/posts\/114080\/revisions"}],"predecessor-version":[{"id":114082,"href":"https:\/\/www.sudoestehoje.com.br\/novoportal\/wp-json\/wp\/v2\/posts\/114080\/revisions\/114082"}],"wp:featuredmedia":[{"embeddable":true,"href":"https:\/\/www.sudoestehoje.com.br\/novoportal\/wp-json\/wp\/v2\/media\/114081"}],"wp:attachment":[{"href":"https:\/\/www.sudoestehoje.com.br\/novoportal\/wp-json\/wp\/v2\/media?parent=114080"}],"wp:term":[{"taxonomy":"category","embeddable":true,"href":"https:\/\/www.sudoestehoje.com.br\/novoportal\/wp-json\/wp\/v2\/categories?post=114080"},{"taxonomy":"post_tag","embeddable":true,"href":"https:\/\/www.sudoestehoje.com.br\/novoportal\/wp-json\/wp\/v2\/tags?post=114080"}],"curies":[{"name":"wp","href":"https:\/\/api.w.org\/{rel}","templated":true}]}}