
{"id":114074,"date":"2023-11-28T17:36:16","date_gmt":"2023-11-28T20:36:16","guid":{"rendered":"https:\/\/www.sudoestehoje.com.br\/novoportal\/?p=114074"},"modified":"2023-11-28T17:36:16","modified_gmt":"2023-11-28T20:36:16","slug":"pedro-tavares-critica-desrespeito-da-via-bahia-com-o-legislativo-estadual-e-com-a-populacao-baiana","status":"publish","type":"post","link":"https:\/\/www.sudoestehoje.com.br\/novoportal\/2023\/11\/28\/pedro-tavares-critica-desrespeito-da-via-bahia-com-o-legislativo-estadual-e-com-a-populacao-baiana\/","title":{"rendered":"PEDRO TAVARES CRITICA DESRESPEITO DA VIA BAHIA COM O LEGISLATIVO ESTADUAL E COM A POPULA\u00c7\u00c3O BAIANA"},"content":{"rendered":"<p><img loading=\"lazy\" decoding=\"async\" class=\"alignnone  wp-image-114077\" src=\"https:\/\/www.sudoestehoje.com.br\/novoportal\/wp-content\/uploads\/2023\/11\/PEDRO-600x468.jpg\" alt=\"\" width=\"550\" height=\"429\" srcset=\"https:\/\/www.sudoestehoje.com.br\/novoportal\/wp-content\/uploads\/2023\/11\/PEDRO-600x468.jpg 600w, https:\/\/www.sudoestehoje.com.br\/novoportal\/wp-content\/uploads\/2023\/11\/PEDRO-700x546.jpg 700w, https:\/\/www.sudoestehoje.com.br\/novoportal\/wp-content\/uploads\/2023\/11\/PEDRO-768x599.jpg 768w, https:\/\/www.sudoestehoje.com.br\/novoportal\/wp-content\/uploads\/2023\/11\/PEDRO.jpg 1116w\" sizes=\"auto, (max-width: 550px) 100vw, 550px\" \/><\/p>\n<p><strong>O deputado estadual Pedro Tavares (Uni\u00e3o Brasil), classificou como um desrespeito da Via Bahia ao Legislativo Estadual e aos cidad\u00e3os baianos, o cancelamento da participa\u00e7\u00e3o do presidente da empresa, na audi\u00eancia que seria realizada hoje (28\/11), na Assembleia Legislativa da Bahia (Alba), pelas comiss\u00f5es de Infraestrutura, de Defesa do Consumidor e de Agricultura. <\/strong><\/p>\n<p><strong>Titular das comiss\u00f5es, o parlamentar ressaltou o descaso da concession\u00e1ria que administra a BR-324 e a BR-116. Na reuni\u00e3o, os deputados iriam ouvir os esclarecimentos do presidente sobre os descumprimentos do contrato por parte da empresa. Ap\u00f3s a confirma\u00e7\u00e3o da aus\u00eancia do dirigente, os deputados decidiram pela suspens\u00e3o da audi\u00eancia.<\/strong><\/p>\n<p><strong><em>\u201cLamentavelmente a Via Bahia, mais uma vez desrespeita o Parlamento Estadual, que representa de forma leg\u00edtima os interesses da popula\u00e7\u00e3o baiana. Os motoristas que trafegam pelas rodovias j\u00e1 n\u00e3o aguentam mais pagar as taxas de ped\u00e1gio e n\u00e3o observarem as melhorias necess\u00e1rias. Os cidad\u00e3os se queixam com raz\u00e3o e de forma frequente, dos buracos, lombadas, enfim, d\u00e1 m\u00e1 conversa\u00e7\u00e3o que eleva o risco de acidentes e preju\u00edzos. Al\u00e9m disso, queremos saber os motivos pelos quais at\u00e9 hoje, a empresa n\u00e3o cumpriu alguns itens, a exemplo da duplica\u00e7\u00e3o da 116. N\u00e3o vamos descansar enquanto essa situa\u00e7\u00e3o n\u00e3o for solucionada\u201d<\/em>, afirmou. \/\/<\/strong><strong>Ascom deputado Pedro Tavares<\/strong><\/p>\n","protected":false},"excerpt":{"rendered":"<p>O deputado estadual Pedro Tavares (Uni\u00e3o Brasil), classificou como um desrespeito da Via Bahia ao Legislativo Estadual e aos cidad\u00e3os baianos, o cancelamento da participa\u00e7\u00e3o do presidente da empresa, na audi\u00eancia que seria realizada hoje (28\/11), na Assembleia Legislativa da Bahia (Alba), pelas comiss\u00f5es de Infraestrutura, de Defesa do Consumidor e de Agricultura. Titular das [&hellip;]<\/p>\n","protected":false},"author":2,"featured_media":114077,"comment_status":"closed","ping_status":"open","sticky":false,"template":"","format":"standard","meta":{"footnotes":"","_links_to":"","_links_to_target":""},"categories":[1],"tags":[],"class_list":["post-114074","post","type-post","status-publish","format-standard","has-post-thumbnail","hentry","category-geral"],"views":645,"_links":{"self":[{"href":"https:\/\/www.sudoestehoje.com.br\/novoportal\/wp-json\/wp\/v2\/posts\/114074","targetHints":{"allow":["GET"]}}],"collection":[{"href":"https:\/\/www.sudoestehoje.com.br\/novoportal\/wp-json\/wp\/v2\/posts"}],"about":[{"href":"https:\/\/www.sudoestehoje.com.br\/novoportal\/wp-json\/wp\/v2\/types\/post"}],"author":[{"embeddable":true,"href":"https:\/\/www.sudoestehoje.com.br\/novoportal\/wp-json\/wp\/v2\/users\/2"}],"replies":[{"embeddable":true,"href":"https:\/\/www.sudoestehoje.com.br\/novoportal\/wp-json\/wp\/v2\/comments?post=114074"}],"version-history":[{"count":3,"href":"https:\/\/www.sudoestehoje.com.br\/novoportal\/wp-json\/wp\/v2\/posts\/114074\/revisions"}],"predecessor-version":[{"id":114078,"href":"https:\/\/www.sudoestehoje.com.br\/novoportal\/wp-json\/wp\/v2\/posts\/114074\/revisions\/114078"}],"wp:featuredmedia":[{"embeddable":true,"href":"https:\/\/www.sudoestehoje.com.br\/novoportal\/wp-json\/wp\/v2\/media\/114077"}],"wp:attachment":[{"href":"https:\/\/www.sudoestehoje.com.br\/novoportal\/wp-json\/wp\/v2\/media?parent=114074"}],"wp:term":[{"taxonomy":"category","embeddable":true,"href":"https:\/\/www.sudoestehoje.com.br\/novoportal\/wp-json\/wp\/v2\/categories?post=114074"},{"taxonomy":"post_tag","embeddable":true,"href":"https:\/\/www.sudoestehoje.com.br\/novoportal\/wp-json\/wp\/v2\/tags?post=114074"}],"curies":[{"name":"wp","href":"https:\/\/api.w.org\/{rel}","templated":true}]}}