
{"id":114067,"date":"2023-11-28T09:44:38","date_gmt":"2023-11-28T12:44:38","guid":{"rendered":"https:\/\/www.sudoestehoje.com.br\/novoportal\/?p=114067"},"modified":"2023-11-28T09:44:38","modified_gmt":"2023-11-28T12:44:38","slug":"itapetinga-recebe-do-ministerio-da-saude-nova-ambulancia-para-o-samu","status":"publish","type":"post","link":"https:\/\/www.sudoestehoje.com.br\/novoportal\/2023\/11\/28\/itapetinga-recebe-do-ministerio-da-saude-nova-ambulancia-para-o-samu\/","title":{"rendered":"ITAPETINGA RECEBE DO MINIST\u00c9RIO DA SA\u00daDE NOVA AMBUL\u00c2NCIA PARA O SAMU"},"content":{"rendered":"<p><img loading=\"lazy\" decoding=\"async\" class=\"alignnone  wp-image-114070\" src=\"https:\/\/www.sudoestehoje.com.br\/novoportal\/wp-content\/uploads\/2023\/11\/SAMU-600x277.jpg\" alt=\"\" width=\"550\" height=\"254\" srcset=\"https:\/\/www.sudoestehoje.com.br\/novoportal\/wp-content\/uploads\/2023\/11\/SAMU-600x277.jpg 600w, https:\/\/www.sudoestehoje.com.br\/novoportal\/wp-content\/uploads\/2023\/11\/SAMU-700x323.jpg 700w, https:\/\/www.sudoestehoje.com.br\/novoportal\/wp-content\/uploads\/2023\/11\/SAMU-768x355.jpg 768w, https:\/\/www.sudoestehoje.com.br\/novoportal\/wp-content\/uploads\/2023\/11\/SAMU.jpg 1024w\" sizes=\"auto, (max-width: 550px) 100vw, 550px\" \/><\/p>\n<p><strong>Itapetinga recebeu mais um refor\u00e7o para a sa\u00fade p\u00fablica. Nesta segunda-feira, o munic\u00edpio recebeu, atrav\u00e9s do Minist\u00e9rio da Sa\u00fade, uma nova ambul\u00e2ncia que promover\u00e1 mais agilidade e resolutividade no atendimento aos pacientes.<\/strong><\/p>\n<p><strong>As ambul\u00e2ncias desempenham um papel crucial na presta\u00e7\u00e3o de atendimento m\u00e9dico de emerg\u00eancia e no transporte seguro de pacientes para hospitais. Agora, o Samu 192 recebe mais uma ambul\u00e2ncia de suporte b\u00e1sico, projetada para lidar com pacientes que exigem assist\u00eancia m\u00e9dica imediata.<\/strong><\/p>\n<p><strong>De acordo com o prefeito Rodrigo Hagge, Itapetinga vem imprimindo um novo tempo para a sa\u00fade municipal, atrav\u00e9s de novos equipamentos e, principalmente, de um atendimento mais humanizado e eficaz, que promova o acolhimento necess\u00e1rio ao paciente e que ofere\u00e7a os cuidados mais precisos.<\/strong><\/p>\n","protected":false},"excerpt":{"rendered":"<p>Itapetinga recebeu mais um refor\u00e7o para a sa\u00fade p\u00fablica. Nesta segunda-feira, o munic\u00edpio recebeu, atrav\u00e9s do Minist\u00e9rio da Sa\u00fade, uma nova ambul\u00e2ncia que promover\u00e1 mais agilidade e resolutividade no atendimento aos pacientes. As ambul\u00e2ncias desempenham um papel crucial na presta\u00e7\u00e3o de atendimento m\u00e9dico de emerg\u00eancia e no transporte seguro de pacientes para hospitais. Agora, o [&hellip;]<\/p>\n","protected":false},"author":2,"featured_media":114070,"comment_status":"closed","ping_status":"open","sticky":false,"template":"","format":"standard","meta":{"footnotes":"","_links_to":"","_links_to_target":""},"categories":[1],"tags":[],"class_list":["post-114067","post","type-post","status-publish","format-standard","has-post-thumbnail","hentry","category-geral"],"views":1113,"_links":{"self":[{"href":"https:\/\/www.sudoestehoje.com.br\/novoportal\/wp-json\/wp\/v2\/posts\/114067","targetHints":{"allow":["GET"]}}],"collection":[{"href":"https:\/\/www.sudoestehoje.com.br\/novoportal\/wp-json\/wp\/v2\/posts"}],"about":[{"href":"https:\/\/www.sudoestehoje.com.br\/novoportal\/wp-json\/wp\/v2\/types\/post"}],"author":[{"embeddable":true,"href":"https:\/\/www.sudoestehoje.com.br\/novoportal\/wp-json\/wp\/v2\/users\/2"}],"replies":[{"embeddable":true,"href":"https:\/\/www.sudoestehoje.com.br\/novoportal\/wp-json\/wp\/v2\/comments?post=114067"}],"version-history":[{"count":3,"href":"https:\/\/www.sudoestehoje.com.br\/novoportal\/wp-json\/wp\/v2\/posts\/114067\/revisions"}],"predecessor-version":[{"id":114071,"href":"https:\/\/www.sudoestehoje.com.br\/novoportal\/wp-json\/wp\/v2\/posts\/114067\/revisions\/114071"}],"wp:featuredmedia":[{"embeddable":true,"href":"https:\/\/www.sudoestehoje.com.br\/novoportal\/wp-json\/wp\/v2\/media\/114070"}],"wp:attachment":[{"href":"https:\/\/www.sudoestehoje.com.br\/novoportal\/wp-json\/wp\/v2\/media?parent=114067"}],"wp:term":[{"taxonomy":"category","embeddable":true,"href":"https:\/\/www.sudoestehoje.com.br\/novoportal\/wp-json\/wp\/v2\/categories?post=114067"},{"taxonomy":"post_tag","embeddable":true,"href":"https:\/\/www.sudoestehoje.com.br\/novoportal\/wp-json\/wp\/v2\/tags?post=114067"}],"curies":[{"name":"wp","href":"https:\/\/api.w.org\/{rel}","templated":true}]}}