
{"id":114057,"date":"2023-11-27T09:07:44","date_gmt":"2023-11-27T12:07:44","guid":{"rendered":"https:\/\/www.sudoestehoje.com.br\/novoportal\/?p=114057"},"modified":"2023-11-27T09:07:44","modified_gmt":"2023-11-27T12:07:44","slug":"futebol-amador-selecao-de-itamaraju-conquista-o-titulo-do-intermunicipal-2023","status":"publish","type":"post","link":"https:\/\/www.sudoestehoje.com.br\/novoportal\/2023\/11\/27\/futebol-amador-selecao-de-itamaraju-conquista-o-titulo-do-intermunicipal-2023\/","title":{"rendered":"FUTEBOL AMADOR | SELE\u00c7\u00c3O DE ITAMARAJU CONQUISTA O T\u00cdTULO DO INTERMUNICIPAL 2023"},"content":{"rendered":"<p><img loading=\"lazy\" decoding=\"async\" class=\"alignnone  wp-image-114059\" src=\"https:\/\/www.sudoestehoje.com.br\/novoportal\/wp-content\/uploads\/2023\/11\/1701032596149-600x344.webp\" alt=\"\" width=\"550\" height=\"315\" srcset=\"https:\/\/www.sudoestehoje.com.br\/novoportal\/wp-content\/uploads\/2023\/11\/1701032596149-600x344.webp 600w, https:\/\/www.sudoestehoje.com.br\/novoportal\/wp-content\/uploads\/2023\/11\/1701032596149-700x401.webp 700w, https:\/\/www.sudoestehoje.com.br\/novoportal\/wp-content\/uploads\/2023\/11\/1701032596149.webp 750w\" sizes=\"auto, (max-width: 550px) 100vw, 550px\" \/><\/p>\n<p><strong>A Sele\u00e7\u00e3o de Itamaraju conquistou, neste domingo (26), o t\u00edtulo do campeonato Intermunicipal de Futebol Amador da Bahia. Com o caneco, a sele\u00e7\u00e3o se tornou pentacampe\u00e3 da competi\u00e7\u00e3o.<\/strong><\/p>\n<p><strong>O jogo, contra a Sele\u00e7\u00e3o de Porto Seguro, terminou em 1 a 1, mas os itamarajuenses contavam com a vit\u00f3ria do primeiro jogo por 2 a 1, o que garantiu o trof\u00e9u.<\/strong><\/p>\n<p><strong>Com 100% de aproveitamento em finais (2002, 2004, 2018 e 2019), a Sele\u00e7\u00e3o de Itamaraju passou a ser a terceira maior detentora de t\u00edtulos da competi\u00e7\u00e3o, ficando atr\u00e1s de Itabuna e Cachoeira que possuem oito ta\u00e7as cada uma.<\/strong><\/p>\n<p><strong>O Campeonato Intermunicipal de Futebol Amador \u00e9 organizado e realizado pela Federa\u00e7\u00e3o Baiana de Futebol, a FBF.<\/strong><\/p>\n","protected":false},"excerpt":{"rendered":"<p>A Sele\u00e7\u00e3o de Itamaraju conquistou, neste domingo (26), o t\u00edtulo do campeonato Intermunicipal de Futebol Amador da Bahia. Com o caneco, a sele\u00e7\u00e3o se tornou pentacampe\u00e3 da competi\u00e7\u00e3o. O jogo, contra a Sele\u00e7\u00e3o de Porto Seguro, terminou em 1 a 1, mas os itamarajuenses contavam com a vit\u00f3ria do primeiro jogo por 2 a 1, [&hellip;]<\/p>\n","protected":false},"author":2,"featured_media":114059,"comment_status":"closed","ping_status":"open","sticky":false,"template":"","format":"standard","meta":{"footnotes":"","_links_to":"","_links_to_target":""},"categories":[1],"tags":[],"class_list":["post-114057","post","type-post","status-publish","format-standard","has-post-thumbnail","hentry","category-geral"],"views":985,"_links":{"self":[{"href":"https:\/\/www.sudoestehoje.com.br\/novoportal\/wp-json\/wp\/v2\/posts\/114057","targetHints":{"allow":["GET"]}}],"collection":[{"href":"https:\/\/www.sudoestehoje.com.br\/novoportal\/wp-json\/wp\/v2\/posts"}],"about":[{"href":"https:\/\/www.sudoestehoje.com.br\/novoportal\/wp-json\/wp\/v2\/types\/post"}],"author":[{"embeddable":true,"href":"https:\/\/www.sudoestehoje.com.br\/novoportal\/wp-json\/wp\/v2\/users\/2"}],"replies":[{"embeddable":true,"href":"https:\/\/www.sudoestehoje.com.br\/novoportal\/wp-json\/wp\/v2\/comments?post=114057"}],"version-history":[{"count":2,"href":"https:\/\/www.sudoestehoje.com.br\/novoportal\/wp-json\/wp\/v2\/posts\/114057\/revisions"}],"predecessor-version":[{"id":114060,"href":"https:\/\/www.sudoestehoje.com.br\/novoportal\/wp-json\/wp\/v2\/posts\/114057\/revisions\/114060"}],"wp:featuredmedia":[{"embeddable":true,"href":"https:\/\/www.sudoestehoje.com.br\/novoportal\/wp-json\/wp\/v2\/media\/114059"}],"wp:attachment":[{"href":"https:\/\/www.sudoestehoje.com.br\/novoportal\/wp-json\/wp\/v2\/media?parent=114057"}],"wp:term":[{"taxonomy":"category","embeddable":true,"href":"https:\/\/www.sudoestehoje.com.br\/novoportal\/wp-json\/wp\/v2\/categories?post=114057"},{"taxonomy":"post_tag","embeddable":true,"href":"https:\/\/www.sudoestehoje.com.br\/novoportal\/wp-json\/wp\/v2\/tags?post=114057"}],"curies":[{"name":"wp","href":"https:\/\/api.w.org\/{rel}","templated":true}]}}