
{"id":114051,"date":"2023-11-26T12:28:53","date_gmt":"2023-11-26T15:28:53","guid":{"rendered":"https:\/\/www.sudoestehoje.com.br\/novoportal\/?p=114051"},"modified":"2023-11-27T09:02:44","modified_gmt":"2023-11-27T12:02:44","slug":"itapetinga-tempo-fica-fechado-mas-nao-ha-previsao-de-chuvas-para-esta-semana","status":"publish","type":"post","link":"https:\/\/www.sudoestehoje.com.br\/novoportal\/2023\/11\/26\/itapetinga-tempo-fica-fechado-mas-nao-ha-previsao-de-chuvas-para-esta-semana\/","title":{"rendered":"ITAPETINGA | TEMPO FICA FECHADO MAS N\u00c3O H\u00c1 PREVIS\u00c3O DE CHUVAS PARA ESTA SEMANA"},"content":{"rendered":"<div id=\"attachment_114053\" style=\"width: 559px\" class=\"wp-caption alignnone\"><img loading=\"lazy\" decoding=\"async\" aria-describedby=\"caption-attachment-114053\" class=\" wp-image-114053\" src=\"https:\/\/www.sudoestehoje.com.br\/novoportal\/wp-content\/uploads\/2023\/11\/f7e334a2-92e4-46e6-b102-5070aee4ddc7-600x338.jpg\" alt=\"\" width=\"549\" height=\"309\" srcset=\"https:\/\/www.sudoestehoje.com.br\/novoportal\/wp-content\/uploads\/2023\/11\/f7e334a2-92e4-46e6-b102-5070aee4ddc7-600x338.jpg 600w, https:\/\/www.sudoestehoje.com.br\/novoportal\/wp-content\/uploads\/2023\/11\/f7e334a2-92e4-46e6-b102-5070aee4ddc7-700x394.jpg 700w, https:\/\/www.sudoestehoje.com.br\/novoportal\/wp-content\/uploads\/2023\/11\/f7e334a2-92e4-46e6-b102-5070aee4ddc7-768x432.jpg 768w, https:\/\/www.sudoestehoje.com.br\/novoportal\/wp-content\/uploads\/2023\/11\/f7e334a2-92e4-46e6-b102-5070aee4ddc7-1536x864.jpg 1536w, https:\/\/www.sudoestehoje.com.br\/novoportal\/wp-content\/uploads\/2023\/11\/f7e334a2-92e4-46e6-b102-5070aee4ddc7.jpg 1600w\" sizes=\"auto, (max-width: 549px) 100vw, 549px\" \/><p id=\"caption-attachment-114053\" class=\"wp-caption-text\"><strong><em>PASTAGENS SECAS NAS IMEDIA\u00c7\u00d5ES DO CAMPUS DA UESB, EM ITAPETINGA<\/em><\/strong><\/p><\/div>\n<p><strong>Apesar do c\u00e9u nublado neste domingo (26), n\u00e3o h\u00e1 nenhuma previs\u00e3o de chuva em Itapetinga e regi\u00e3o, para os pr\u00f3ximos 10 dias, segundo os institutos de meteorologia.<\/strong><\/p>\n<p><strong>A falta de precipita\u00e7\u00f5es no m\u00eas de novembro trouxe preocupa\u00e7\u00e3o para o setor produtivo rural, que j\u00e1 vislumbra um per\u00edodo prolongado de seca, o que poder\u00e1 prejudicar as pastagens na &#8216;Capital da Pecu\u00e1ria Baiana&#8217; e munic\u00edpios do M\u00e9dio Sudoeste.<\/strong><\/p>\n<p><strong>Isto sem contar com o calor intenso que afeta a sa\u00fade de crian\u00e7as e idosos, outra preocupa\u00e7\u00e3o relatada pelas autoridades de sa\u00fade do estado e munic\u00edpios.<\/strong><\/p>\n<p><strong>Mesmo com o tempo nublado, as temperaturas se mant\u00eam altas, na casa dos 30\u00b0C, podendo subir ainda mais no decorrer do dia. H\u00e1 possibilidade de chuvinha fraca na madrugada desta segunda (27).<\/strong><\/p>\n<p><strong>Quem aguenta?<\/strong><\/p>\n<p><strong>Por Davi Ferraz\u00a0<\/strong><\/p>\n","protected":false},"excerpt":{"rendered":"<p>Apesar do c\u00e9u nublado neste domingo (26), n\u00e3o h\u00e1 nenhuma previs\u00e3o de chuva em Itapetinga e regi\u00e3o, para os pr\u00f3ximos 10 dias, segundo os institutos de meteorologia. A falta de precipita\u00e7\u00f5es no m\u00eas de novembro trouxe preocupa\u00e7\u00e3o para o setor produtivo rural, que j\u00e1 vislumbra um per\u00edodo prolongado de seca, o que poder\u00e1 prejudicar as [&hellip;]<\/p>\n","protected":false},"author":2,"featured_media":114053,"comment_status":"closed","ping_status":"open","sticky":false,"template":"","format":"standard","meta":{"footnotes":"","_links_to":"","_links_to_target":""},"categories":[1],"tags":[],"class_list":["post-114051","post","type-post","status-publish","format-standard","has-post-thumbnail","hentry","category-geral"],"views":1125,"_links":{"self":[{"href":"https:\/\/www.sudoestehoje.com.br\/novoportal\/wp-json\/wp\/v2\/posts\/114051","targetHints":{"allow":["GET"]}}],"collection":[{"href":"https:\/\/www.sudoestehoje.com.br\/novoportal\/wp-json\/wp\/v2\/posts"}],"about":[{"href":"https:\/\/www.sudoestehoje.com.br\/novoportal\/wp-json\/wp\/v2\/types\/post"}],"author":[{"embeddable":true,"href":"https:\/\/www.sudoestehoje.com.br\/novoportal\/wp-json\/wp\/v2\/users\/2"}],"replies":[{"embeddable":true,"href":"https:\/\/www.sudoestehoje.com.br\/novoportal\/wp-json\/wp\/v2\/comments?post=114051"}],"version-history":[{"count":4,"href":"https:\/\/www.sudoestehoje.com.br\/novoportal\/wp-json\/wp\/v2\/posts\/114051\/revisions"}],"predecessor-version":[{"id":114056,"href":"https:\/\/www.sudoestehoje.com.br\/novoportal\/wp-json\/wp\/v2\/posts\/114051\/revisions\/114056"}],"wp:featuredmedia":[{"embeddable":true,"href":"https:\/\/www.sudoestehoje.com.br\/novoportal\/wp-json\/wp\/v2\/media\/114053"}],"wp:attachment":[{"href":"https:\/\/www.sudoestehoje.com.br\/novoportal\/wp-json\/wp\/v2\/media?parent=114051"}],"wp:term":[{"taxonomy":"category","embeddable":true,"href":"https:\/\/www.sudoestehoje.com.br\/novoportal\/wp-json\/wp\/v2\/categories?post=114051"},{"taxonomy":"post_tag","embeddable":true,"href":"https:\/\/www.sudoestehoje.com.br\/novoportal\/wp-json\/wp\/v2\/tags?post=114051"}],"curies":[{"name":"wp","href":"https:\/\/api.w.org\/{rel}","templated":true}]}}