
{"id":114042,"date":"2023-11-26T10:55:48","date_gmt":"2023-11-26T13:55:48","guid":{"rendered":"https:\/\/www.sudoestehoje.com.br\/novoportal\/?p=114042"},"modified":"2023-11-26T11:16:25","modified_gmt":"2023-11-26T14:16:25","slug":"itapetinga-prefeito-rodrigo-hagge-garante-decoracao-de-natal-em-2023","status":"publish","type":"post","link":"https:\/\/www.sudoestehoje.com.br\/novoportal\/2023\/11\/26\/itapetinga-prefeito-rodrigo-hagge-garante-decoracao-de-natal-em-2023\/","title":{"rendered":"ITAPETINGA | PREFEITO RODRIGO HAGGE GARANTE DECORA\u00c7\u00c3O DE NATAL EM 2023"},"content":{"rendered":"<p><img loading=\"lazy\" decoding=\"async\" class=\"alignnone wp-image-114043\" src=\"https:\/\/www.sudoestehoje.com.br\/novoportal\/wp-content\/uploads\/2023\/11\/natal-600x282.jpeg\" alt=\"\" width=\"551\" height=\"259\" srcset=\"https:\/\/www.sudoestehoje.com.br\/novoportal\/wp-content\/uploads\/2023\/11\/natal-600x282.jpeg 600w, https:\/\/www.sudoestehoje.com.br\/novoportal\/wp-content\/uploads\/2023\/11\/natal-700x329.jpeg 700w, https:\/\/www.sudoestehoje.com.br\/novoportal\/wp-content\/uploads\/2023\/11\/natal-768x361.jpeg 768w, https:\/\/www.sudoestehoje.com.br\/novoportal\/wp-content\/uploads\/2023\/11\/natal.jpeg 1499w\" sizes=\"auto, (max-width: 551px) 100vw, 551px\" \/><\/p>\n<p><strong>Assim como nos anos anteriores, o Natal em Itapetinga n\u00e3o passar\u00e1 em branco, de acordo com o prefeito Rodrigo Hagge, em contato com o Sudoeste Hoje.<\/strong><\/p>\n<p><strong>No ano passado (2022), a popula\u00e7\u00e3o do munic\u00edpio foi surpreendida com uma decora\u00e7\u00e3o natalina de alto n\u00edvel e bom gosto, que atraiu a aten\u00e7\u00e3o de moradores de toda a regi\u00e3o, superlotando a cidade de visitantes. A crian\u00e7ada adorou.<\/strong><\/p>\n<p><img loading=\"lazy\" decoding=\"async\" class=\"alignnone wp-image-114046\" src=\"https:\/\/www.sudoestehoje.com.br\/novoportal\/wp-content\/uploads\/2023\/11\/natal-1-600x311.jpeg\" alt=\"\" width=\"550\" height=\"285\" srcset=\"https:\/\/www.sudoestehoje.com.br\/novoportal\/wp-content\/uploads\/2023\/11\/natal-1-600x311.jpeg 600w, https:\/\/www.sudoestehoje.com.br\/novoportal\/wp-content\/uploads\/2023\/11\/natal-1-700x363.jpeg 700w, https:\/\/www.sudoestehoje.com.br\/novoportal\/wp-content\/uploads\/2023\/11\/natal-1-768x398.jpeg 768w, https:\/\/www.sudoestehoje.com.br\/novoportal\/wp-content\/uploads\/2023\/11\/natal-1.jpeg 990w\" sizes=\"auto, (max-width: 550px) 100vw, 550px\" \/><\/p>\n<p><strong>Com uma gest\u00e3o ajustada e moderna, Rodrigo tem priorizado a quest\u00e3o cultural e as datas festivas, promovendo o esporte em suas mais variadas modalidades, as festas juninas, o 7 de Setembro e o Natal, data de grande movimenta\u00e7\u00e3o no com\u00e9rcio local e confraterniza\u00e7\u00e3o entre as fam\u00edlias, amigos e colegas de trabalho.<\/strong><\/p>\n<p><strong>A decora\u00e7\u00e3o, segundo o prefeito, come\u00e7ar\u00e1 a ser montada nas primeiras semanas de dezembro, na Pra\u00e7a Dairy Valley e em outros locais da cidade<\/strong><\/p>\n<p><strong>Por Davi Ferraz<\/strong><\/p>\n","protected":false},"excerpt":{"rendered":"<p>Assim como nos anos anteriores, o Natal em Itapetinga n\u00e3o passar\u00e1 em branco, de acordo com o prefeito Rodrigo Hagge, em contato com o Sudoeste Hoje. No ano passado (2022), a popula\u00e7\u00e3o do munic\u00edpio foi surpreendida com uma decora\u00e7\u00e3o natalina de alto n\u00edvel e bom gosto, que atraiu a aten\u00e7\u00e3o de moradores de toda a [&hellip;]<\/p>\n","protected":false},"author":2,"featured_media":114046,"comment_status":"closed","ping_status":"open","sticky":false,"template":"","format":"standard","meta":{"footnotes":"","_links_to":"","_links_to_target":""},"categories":[1],"tags":[],"class_list":["post-114042","post","type-post","status-publish","format-standard","has-post-thumbnail","hentry","category-geral"],"views":802,"_links":{"self":[{"href":"https:\/\/www.sudoestehoje.com.br\/novoportal\/wp-json\/wp\/v2\/posts\/114042","targetHints":{"allow":["GET"]}}],"collection":[{"href":"https:\/\/www.sudoestehoje.com.br\/novoportal\/wp-json\/wp\/v2\/posts"}],"about":[{"href":"https:\/\/www.sudoestehoje.com.br\/novoportal\/wp-json\/wp\/v2\/types\/post"}],"author":[{"embeddable":true,"href":"https:\/\/www.sudoestehoje.com.br\/novoportal\/wp-json\/wp\/v2\/users\/2"}],"replies":[{"embeddable":true,"href":"https:\/\/www.sudoestehoje.com.br\/novoportal\/wp-json\/wp\/v2\/comments?post=114042"}],"version-history":[{"count":6,"href":"https:\/\/www.sudoestehoje.com.br\/novoportal\/wp-json\/wp\/v2\/posts\/114042\/revisions"}],"predecessor-version":[{"id":114050,"href":"https:\/\/www.sudoestehoje.com.br\/novoportal\/wp-json\/wp\/v2\/posts\/114042\/revisions\/114050"}],"wp:featuredmedia":[{"embeddable":true,"href":"https:\/\/www.sudoestehoje.com.br\/novoportal\/wp-json\/wp\/v2\/media\/114046"}],"wp:attachment":[{"href":"https:\/\/www.sudoestehoje.com.br\/novoportal\/wp-json\/wp\/v2\/media?parent=114042"}],"wp:term":[{"taxonomy":"category","embeddable":true,"href":"https:\/\/www.sudoestehoje.com.br\/novoportal\/wp-json\/wp\/v2\/categories?post=114042"},{"taxonomy":"post_tag","embeddable":true,"href":"https:\/\/www.sudoestehoje.com.br\/novoportal\/wp-json\/wp\/v2\/tags?post=114042"}],"curies":[{"name":"wp","href":"https:\/\/api.w.org\/{rel}","templated":true}]}}