
{"id":114028,"date":"2023-11-24T19:30:17","date_gmt":"2023-11-24T22:30:17","guid":{"rendered":"https:\/\/www.sudoestehoje.com.br\/novoportal\/?p=114028"},"modified":"2023-11-24T19:34:04","modified_gmt":"2023-11-24T22:34:04","slug":"conquista-emissora-de-radio-emite-nota-de-esclarecimento-apos-ato-racista-do-comunicador-pedro-massinha","status":"publish","type":"post","link":"https:\/\/www.sudoestehoje.com.br\/novoportal\/2023\/11\/24\/conquista-emissora-de-radio-emite-nota-de-esclarecimento-apos-ato-racista-do-comunicador-pedro-massinha\/","title":{"rendered":"CONQUISTA | EMISSORA DE R\u00c1DIO EMITE NOTA DE ESCLARECIMENTO AP\u00d3S &#8216;ATO RACISTA&#8217; DO COMUNICADOR PEDRO MASSINHA"},"content":{"rendered":"<p><img loading=\"lazy\" decoding=\"async\" class=\"alignnone wp-image-114030\" src=\"https:\/\/www.sudoestehoje.com.br\/novoportal\/wp-content\/uploads\/2023\/11\/MASSINHA-600x360.jpg\" alt=\"\" width=\"550\" height=\"330\" srcset=\"https:\/\/www.sudoestehoje.com.br\/novoportal\/wp-content\/uploads\/2023\/11\/MASSINHA-600x360.jpg 600w, https:\/\/www.sudoestehoje.com.br\/novoportal\/wp-content\/uploads\/2023\/11\/MASSINHA-700x420.jpg 700w, https:\/\/www.sudoestehoje.com.br\/novoportal\/wp-content\/uploads\/2023\/11\/MASSINHA-768x461.jpg 768w, https:\/\/www.sudoestehoje.com.br\/novoportal\/wp-content\/uploads\/2023\/11\/MASSINHA-1536x922.jpg 1536w, https:\/\/www.sudoestehoje.com.br\/novoportal\/wp-content\/uploads\/2023\/11\/MASSINHA.jpg 1600w\" sizes=\"auto, (max-width: 550px) 100vw, 550px\" \/><\/p>\n<p><strong>Ap\u00f3s a pol\u00eamica entrevista do comunicador Pedro Alexandre \u201cMassinha\u201d com um professor e discente de doutorado da UESB, de origem angolana, na \u00faltima segunda-feira (20), a R\u00e1dio UP FM \u2013 emissora onde o programa \u00e9 veiculado \u2013 emitiu uma nota de esclarecimento.<\/strong><\/p>\n<p><strong>No comunicado, a emissora afirma que est\u00e1 se solidarizando com todos aqueles que se indignaram com as falas do apresentador. Algumas pessoas ligadas ao Movimento Negro de Vit\u00f3ria da Conquista, apontaram um suposto teor racista nos coment\u00e1rios de Massinha no decorrer do programa.<\/strong><\/p>\n<p><strong>O comunicador teria perguntado, em tom de brincadeira, se o professor teria vindo para Conquista a bordo de um \u201cnavio negreiro\u201d. A fala recebeu cr\u00edticas e rea\u00e7\u00f5es nas redes sociais.<\/strong><\/p>\n<p><img loading=\"lazy\" decoding=\"async\" class=\"alignnone  wp-image-114032\" src=\"https:\/\/www.sudoestehoje.com.br\/novoportal\/wp-content\/uploads\/2023\/11\/0a16ce54-3ff0-4b48-85fb-8cba7448d7d1-600x360.jpg\" alt=\"\" width=\"550\" height=\"330\" srcset=\"https:\/\/www.sudoestehoje.com.br\/novoportal\/wp-content\/uploads\/2023\/11\/0a16ce54-3ff0-4b48-85fb-8cba7448d7d1-600x360.jpg 600w, https:\/\/www.sudoestehoje.com.br\/novoportal\/wp-content\/uploads\/2023\/11\/0a16ce54-3ff0-4b48-85fb-8cba7448d7d1-700x420.jpg 700w, https:\/\/www.sudoestehoje.com.br\/novoportal\/wp-content\/uploads\/2023\/11\/0a16ce54-3ff0-4b48-85fb-8cba7448d7d1-768x461.jpg 768w, https:\/\/www.sudoestehoje.com.br\/novoportal\/wp-content\/uploads\/2023\/11\/0a16ce54-3ff0-4b48-85fb-8cba7448d7d1-1536x921.jpg 1536w, https:\/\/www.sudoestehoje.com.br\/novoportal\/wp-content\/uploads\/2023\/11\/0a16ce54-3ff0-4b48-85fb-8cba7448d7d1.jpg 1599w\" sizes=\"auto, (max-width: 550px) 100vw, 550px\" \/><\/p>\n<blockquote class=\"wp-block-quote\"><p><strong>Confira a nota na \u00edntegra:<\/strong><\/p>\n<p><strong><cite>\u201cNOTA DE ESCLARECIMENTO<\/cite><\/strong><\/p>\n<p>A dire\u00e7\u00e3o da R\u00e1dio UP se solidariza com aqueles que se indignaram com o ocorrido durante o programa Agito Geral que a fala do apresentador Pedro Alexandre \u201cMassinha\u201d foi entendida como de teor racista.<\/p>\n<p>Consideramos que \u00e9 de extrema import\u00e2ncia que todos entendam que a responsabilidade pelo conte\u00fado do programa citado \u00e9 de inteira responsabilidade do pr\u00f3prio apresentador. \u00c9 uma quest\u00e3o contratual. Assim, qualquer generaliza\u00e7\u00e3o, mencionando direta e somente a R\u00e1dio UP como respons\u00e1vel pelo fato, incorre em grave equ\u00edvoco.<\/p>\n<p>Temos uma longa tradi\u00e7\u00e3o de respeito para com todos. Esta conduta est\u00e1 unicamente ancorada na certeza de que a sociedade s\u00f3 ser\u00e1 plena quando a\u00e7\u00f5es e, principalmente, os pensamentos envoltos em preconceitos, tenham desaparecido definitivamente.<\/p>\n<p>Assim, a dire\u00e7\u00e3o da R\u00e1dio UP reitera e deixa p\u00fablico o seu interesse em colaborar em qualquer a\u00e7\u00e3o para que este fato seja de alguma forma reparado, e para que outros, lament\u00e1veis como este, n\u00e3o se repitam. R\u00e1dio Up Conquista.\u201d<\/p><\/blockquote>\n","protected":false},"excerpt":{"rendered":"<p>Ap\u00f3s a pol\u00eamica entrevista do comunicador Pedro Alexandre \u201cMassinha\u201d com um professor e discente de doutorado da UESB, de origem angolana, na \u00faltima segunda-feira (20), a R\u00e1dio UP FM \u2013 emissora onde o programa \u00e9 veiculado \u2013 emitiu uma nota de esclarecimento. No comunicado, a emissora afirma que est\u00e1 se solidarizando com todos aqueles que [&hellip;]<\/p>\n","protected":false},"author":2,"featured_media":114030,"comment_status":"closed","ping_status":"open","sticky":false,"template":"","format":"standard","meta":{"footnotes":"","_links_to":"","_links_to_target":""},"categories":[1],"tags":[],"class_list":["post-114028","post","type-post","status-publish","format-standard","has-post-thumbnail","hentry","category-geral"],"views":939,"_links":{"self":[{"href":"https:\/\/www.sudoestehoje.com.br\/novoportal\/wp-json\/wp\/v2\/posts\/114028","targetHints":{"allow":["GET"]}}],"collection":[{"href":"https:\/\/www.sudoestehoje.com.br\/novoportal\/wp-json\/wp\/v2\/posts"}],"about":[{"href":"https:\/\/www.sudoestehoje.com.br\/novoportal\/wp-json\/wp\/v2\/types\/post"}],"author":[{"embeddable":true,"href":"https:\/\/www.sudoestehoje.com.br\/novoportal\/wp-json\/wp\/v2\/users\/2"}],"replies":[{"embeddable":true,"href":"https:\/\/www.sudoestehoje.com.br\/novoportal\/wp-json\/wp\/v2\/comments?post=114028"}],"version-history":[{"count":3,"href":"https:\/\/www.sudoestehoje.com.br\/novoportal\/wp-json\/wp\/v2\/posts\/114028\/revisions"}],"predecessor-version":[{"id":114033,"href":"https:\/\/www.sudoestehoje.com.br\/novoportal\/wp-json\/wp\/v2\/posts\/114028\/revisions\/114033"}],"wp:featuredmedia":[{"embeddable":true,"href":"https:\/\/www.sudoestehoje.com.br\/novoportal\/wp-json\/wp\/v2\/media\/114030"}],"wp:attachment":[{"href":"https:\/\/www.sudoestehoje.com.br\/novoportal\/wp-json\/wp\/v2\/media?parent=114028"}],"wp:term":[{"taxonomy":"category","embeddable":true,"href":"https:\/\/www.sudoestehoje.com.br\/novoportal\/wp-json\/wp\/v2\/categories?post=114028"},{"taxonomy":"post_tag","embeddable":true,"href":"https:\/\/www.sudoestehoje.com.br\/novoportal\/wp-json\/wp\/v2\/tags?post=114028"}],"curies":[{"name":"wp","href":"https:\/\/api.w.org\/{rel}","templated":true}]}}