
{"id":114019,"date":"2023-11-24T11:41:21","date_gmt":"2023-11-24T14:41:21","guid":{"rendered":"https:\/\/www.sudoestehoje.com.br\/novoportal\/?p=114019"},"modified":"2023-11-24T11:41:21","modified_gmt":"2023-11-24T14:41:21","slug":"eleicao-itapetinga-pre-candidato-a-vereador-pelo-podemos-daniel-oliveira-visita-feira-livre-da-central","status":"publish","type":"post","link":"https:\/\/www.sudoestehoje.com.br\/novoportal\/2023\/11\/24\/eleicao-itapetinga-pre-candidato-a-vereador-pelo-podemos-daniel-oliveira-visita-feira-livre-da-central\/","title":{"rendered":"ELEI\u00c7\u00c3O ITAPETINGA | PR\u00c9-CANDIDATO A VEREADOR PELO PODEMOS, DANIEL OLIVEIRA VISITA FEIRA LIVRE DA CENTRAL"},"content":{"rendered":"<p><img loading=\"lazy\" decoding=\"async\" class=\"alignnone  wp-image-114022\" src=\"https:\/\/www.sudoestehoje.com.br\/novoportal\/wp-content\/uploads\/2023\/11\/3c4fae12-9886-4e12-84e4-88a9d8c4fef6-600x338.jpg\" alt=\"\" width=\"549\" height=\"309\" srcset=\"https:\/\/www.sudoestehoje.com.br\/novoportal\/wp-content\/uploads\/2023\/11\/3c4fae12-9886-4e12-84e4-88a9d8c4fef6-600x338.jpg 600w, https:\/\/www.sudoestehoje.com.br\/novoportal\/wp-content\/uploads\/2023\/11\/3c4fae12-9886-4e12-84e4-88a9d8c4fef6-700x394.jpg 700w, https:\/\/www.sudoestehoje.com.br\/novoportal\/wp-content\/uploads\/2023\/11\/3c4fae12-9886-4e12-84e4-88a9d8c4fef6-768x432.jpg 768w, https:\/\/www.sudoestehoje.com.br\/novoportal\/wp-content\/uploads\/2023\/11\/3c4fae12-9886-4e12-84e4-88a9d8c4fef6-1536x865.jpg 1536w, https:\/\/www.sudoestehoje.com.br\/novoportal\/wp-content\/uploads\/2023\/11\/3c4fae12-9886-4e12-84e4-88a9d8c4fef6.jpg 1600w\" sizes=\"auto, (max-width: 549px) 100vw, 549px\" \/><\/p>\n<p><strong>No \u00faltimo s\u00e1bado (18), a reportagem do Sudoeste Hoje conversou com o jovem empres\u00e1rio Daniel Oliveira, popularmente conhecido por &#8216;Daniel de N\u00eddia&#8217;, que confirmou a sua pr\u00e9-candidatura a vereador pelo Podemos, partido ligado ao deputado federal Ant\u00f4nio Brito (PSD), presidido em Itapetinga pela ex vice-prefeita K\u00e1tia Espinheira.<\/strong><\/p>\n<p><strong>O local do encontro foi a movimentada feira-livre da Central de Abastecimento, onde o jovem circulava com desenvoltura, sendo bem recebidos pelos feirantes e populares.<\/strong><\/p>\n<p><strong>Daniel \u00e9 filho da ex-vereadora e presidente da C\u00e2mara Municipal, N\u00eddia Oliveira, que promete <em>&#8216;mover montanhas&#8217;<\/em> para viabilizar a elei\u00e7\u00e3o do seu filho, figura carism\u00e1tica e de boa forma\u00e7\u00e3o, que tamb\u00e9m atua como colaborador da Funda\u00e7\u00e3o Jos\u00e9 Silveira, no Hospital Cristo Redentor.<\/strong><\/p>\n<p><strong>De acordo com proje\u00e7\u00f5es de K\u00e1tia Espinheira, o Podemos poder\u00e1 eleger at\u00e9 dois vereadores, j\u00e1 nas pr\u00f3ximas elei\u00e7\u00f5es municipais de 2024.<\/strong><\/p>\n<p><strong>Por Davi Ferraz<\/strong><\/p>\n","protected":false},"excerpt":{"rendered":"<p>No \u00faltimo s\u00e1bado (18), a reportagem do Sudoeste Hoje conversou com o jovem empres\u00e1rio Daniel Oliveira, popularmente conhecido por &#8216;Daniel de N\u00eddia&#8217;, que confirmou a sua pr\u00e9-candidatura a vereador pelo Podemos, partido ligado ao deputado federal Ant\u00f4nio Brito (PSD), presidido em Itapetinga pela ex vice-prefeita K\u00e1tia Espinheira. O local do encontro foi a movimentada feira-livre [&hellip;]<\/p>\n","protected":false},"author":2,"featured_media":114022,"comment_status":"closed","ping_status":"open","sticky":false,"template":"","format":"standard","meta":{"footnotes":"","_links_to":"","_links_to_target":""},"categories":[1],"tags":[],"class_list":["post-114019","post","type-post","status-publish","format-standard","has-post-thumbnail","hentry","category-geral"],"views":857,"_links":{"self":[{"href":"https:\/\/www.sudoestehoje.com.br\/novoportal\/wp-json\/wp\/v2\/posts\/114019","targetHints":{"allow":["GET"]}}],"collection":[{"href":"https:\/\/www.sudoestehoje.com.br\/novoportal\/wp-json\/wp\/v2\/posts"}],"about":[{"href":"https:\/\/www.sudoestehoje.com.br\/novoportal\/wp-json\/wp\/v2\/types\/post"}],"author":[{"embeddable":true,"href":"https:\/\/www.sudoestehoje.com.br\/novoportal\/wp-json\/wp\/v2\/users\/2"}],"replies":[{"embeddable":true,"href":"https:\/\/www.sudoestehoje.com.br\/novoportal\/wp-json\/wp\/v2\/comments?post=114019"}],"version-history":[{"count":4,"href":"https:\/\/www.sudoestehoje.com.br\/novoportal\/wp-json\/wp\/v2\/posts\/114019\/revisions"}],"predecessor-version":[{"id":114024,"href":"https:\/\/www.sudoestehoje.com.br\/novoportal\/wp-json\/wp\/v2\/posts\/114019\/revisions\/114024"}],"wp:featuredmedia":[{"embeddable":true,"href":"https:\/\/www.sudoestehoje.com.br\/novoportal\/wp-json\/wp\/v2\/media\/114022"}],"wp:attachment":[{"href":"https:\/\/www.sudoestehoje.com.br\/novoportal\/wp-json\/wp\/v2\/media?parent=114019"}],"wp:term":[{"taxonomy":"category","embeddable":true,"href":"https:\/\/www.sudoestehoje.com.br\/novoportal\/wp-json\/wp\/v2\/categories?post=114019"},{"taxonomy":"post_tag","embeddable":true,"href":"https:\/\/www.sudoestehoje.com.br\/novoportal\/wp-json\/wp\/v2\/tags?post=114019"}],"curies":[{"name":"wp","href":"https:\/\/api.w.org\/{rel}","templated":true}]}}