
{"id":113990,"date":"2023-11-23T10:33:46","date_gmt":"2023-11-23T13:33:46","guid":{"rendered":"https:\/\/www.sudoestehoje.com.br\/novoportal\/?p=113990"},"modified":"2023-11-23T10:42:17","modified_gmt":"2023-11-23T13:42:17","slug":"audiencia-publica-em-caatiba-aborda-plano-de-revitalizacao-da-microbacia-do-rio-catole","status":"publish","type":"post","link":"https:\/\/www.sudoestehoje.com.br\/novoportal\/2023\/11\/23\/audiencia-publica-em-caatiba-aborda-plano-de-revitalizacao-da-microbacia-do-rio-catole\/","title":{"rendered":"AUDI\u00caNCIA P\u00daBLICA EM CAATIBA ABORDA PLANO DE REVITALIZA\u00c7\u00c3O DA MICROBACIA DO RIO CATOL\u00c9"},"content":{"rendered":"<p><img loading=\"lazy\" decoding=\"async\" class=\"alignnone  wp-image-114002\" src=\"https:\/\/www.sudoestehoje.com.br\/novoportal\/wp-content\/uploads\/2023\/11\/404993731_1506746793201016_5170248030412169559_n-600x424.jpg\" alt=\"\" width=\"550\" height=\"389\" srcset=\"https:\/\/www.sudoestehoje.com.br\/novoportal\/wp-content\/uploads\/2023\/11\/404993731_1506746793201016_5170248030412169559_n-600x424.jpg 600w, https:\/\/www.sudoestehoje.com.br\/novoportal\/wp-content\/uploads\/2023\/11\/404993731_1506746793201016_5170248030412169559_n-700x495.jpg 700w, https:\/\/www.sudoestehoje.com.br\/novoportal\/wp-content\/uploads\/2023\/11\/404993731_1506746793201016_5170248030412169559_n-768x543.jpg 768w, https:\/\/www.sudoestehoje.com.br\/novoportal\/wp-content\/uploads\/2023\/11\/404993731_1506746793201016_5170248030412169559_n.jpg 1536w\" sizes=\"auto, (max-width: 550px) 100vw, 550px\" \/><\/p>\n<p><strong>Na manh\u00e3 desta quarta-feira (22), no audit\u00f3rio municipal Professor Marinaldo Domingos, representantes dos munic\u00edpios de Caatiba, Itapetinga e Itamb\u00e9 se reuniram em uma audi\u00eancia p\u00fablica, crucial para discutir o plano de revitaliza\u00e7\u00e3o da micro bacia do rio Catol\u00e9 Grande.<\/strong><\/p>\n<p><strong>O grandioso evento, parte do processo do Minist\u00e9rio P\u00fablico sobre a constru\u00e7\u00e3o da barragem do Catol\u00e9, destacou a import\u00e2ncia do rio que nasce no planalto da Conquista e t\u00eam seus afluentes que convergem entre os munic\u00edpios de Barra do Cho\u00e7a, Itamb\u00e9, Caatiba e Itapetinga. Dessa forma essas regi\u00f5es fazem parte do projeto e consequentemente de toda problem\u00e1tica que envolve o rio Catol\u00e9 e a constru\u00e7\u00e3o da barragem.<\/strong><\/p>\n<p><img loading=\"lazy\" decoding=\"async\" class=\"alignnone wp-image-113999\" src=\"https:\/\/www.sudoestehoje.com.br\/novoportal\/wp-content\/uploads\/2023\/11\/404574508_1506747673200928_3477949064465461285_n-1-600x407.jpg\" alt=\"\" width=\"551\" height=\"374\" srcset=\"https:\/\/www.sudoestehoje.com.br\/novoportal\/wp-content\/uploads\/2023\/11\/404574508_1506747673200928_3477949064465461285_n-1-600x407.jpg 600w, https:\/\/www.sudoestehoje.com.br\/novoportal\/wp-content\/uploads\/2023\/11\/404574508_1506747673200928_3477949064465461285_n-1-700x474.jpg 700w, https:\/\/www.sudoestehoje.com.br\/novoportal\/wp-content\/uploads\/2023\/11\/404574508_1506747673200928_3477949064465461285_n-1-768x521.jpg 768w, https:\/\/www.sudoestehoje.com.br\/novoportal\/wp-content\/uploads\/2023\/11\/404574508_1506747673200928_3477949064465461285_n-1.jpg 1536w\" sizes=\"auto, (max-width: 551px) 100vw, 551px\" \/><\/p>\n<p><strong>A audi\u00eancia, promovida pela Secretaria Municipal de Meio Ambiente e Agricultura de Caatiba, contou com a presen\u00e7a da prefeita T\u00e2nia Ribeiro, membros do legislativo e jur\u00eddico local, al\u00e9m de representantes de Itapetinga e Itamb\u00e9. A promotoria regional do meio ambiente, representada pela promotora Dra. Karina Querubini tamb\u00e9m marcou presen\u00e7a, ressaltando a relev\u00e2ncia do encontro.<\/strong><\/p>\n<p><strong>Um dos pontos destacados foi o projeto de reflorestamento iniciado em Caatiba, uma etapa essencial para a consolida\u00e7\u00e3o e recupera\u00e7\u00e3o das nascentes e mata ciliares do rio Catol\u00e9. Essa iniciativa se revela imprescind\u00edvel para o abastecimento dos munic\u00edpios envolvidos.<\/strong><\/p>\n<p><img loading=\"lazy\" decoding=\"async\" class=\"alignnone wp-image-113994\" src=\"https:\/\/www.sudoestehoje.com.br\/novoportal\/wp-content\/uploads\/2023\/11\/404917492_1506747706534258_4046331750962338377_n-600x396.jpg\" alt=\"\" width=\"550\" height=\"363\" srcset=\"https:\/\/www.sudoestehoje.com.br\/novoportal\/wp-content\/uploads\/2023\/11\/404917492_1506747706534258_4046331750962338377_n-600x396.jpg 600w, https:\/\/www.sudoestehoje.com.br\/novoportal\/wp-content\/uploads\/2023\/11\/404917492_1506747706534258_4046331750962338377_n-700x462.jpg 700w, https:\/\/www.sudoestehoje.com.br\/novoportal\/wp-content\/uploads\/2023\/11\/404917492_1506747706534258_4046331750962338377_n-768x507.jpg 768w, https:\/\/www.sudoestehoje.com.br\/novoportal\/wp-content\/uploads\/2023\/11\/404917492_1506747706534258_4046331750962338377_n.jpg 1536w\" sizes=\"auto, (max-width: 550px) 100vw, 550px\" \/><\/p>\n<p><strong>No decorrer da audi\u00eancia p\u00fablica os discursos das autoridades presentes foram amplamente colocados a enorme import\u00e2ncia do envolvimento coletivo entre as regi\u00f5es envolvidas para consolidar as ideias e solu\u00e7\u00f5es para o problema h\u00eddrico. A Prefeita de Caatiba, anfitri\u00e3 do evento destacou seu comprometimento com o tema em quest\u00e3o, sendo sol\u00edcita na sua contribui\u00e7\u00e3o como parte do processo do plano de revitaliza\u00e7\u00e3o do rio Catol\u00e9.<\/strong><\/p>\n<p><strong>A audi\u00eancia permitiu tamb\u00e9m uma expressiva participa\u00e7\u00e3o popular, proporcionando espa\u00e7o para que os cidad\u00e3os apresentassem suas ideias e preocupa\u00e7\u00f5es sobre a preserva\u00e7\u00e3o do Rio Catol\u00e9, um passo significativo rumo \u00e0 constru\u00e7\u00e3o de solu\u00e7\u00f5es em prol do meio ambiente e da sustentabilidade regional.n\/\/Ascom <a href=\"https:\/\/www.facebook.com\/ascomcaatiba.ascom?__cft__%5b0%5d=AZX9LPNKQmJ0UzC8CwnF1QJbYD219D1s-YWUN4uFdEFQGxzoF2MVX2OEpU4QYYI4P0qEpRS4B9hCZMSdCD7J2kCOWnQWEHsFVnBYeW3g5YjovYtAkdTsgNdbhsh9khMBFzvyr8-SmKEdp7eZCj5sdDXaicb2kFXamj-9eHeREVj6Fg&amp;__tn__=-%5dK-R\">\u00a0Caatiba Bahia<\/a><\/strong><\/p>\n\n\t\t<style type=\"text\/css\">\n\t\t\t#gallery-1 {\n\t\t\t\tmargin: auto;\n\t\t\t}\n\t\t\t#gallery-1 .gallery-item {\n\t\t\t\tfloat: left;\n\t\t\t\tmargin-top: 10px;\n\t\t\t\ttext-align: center;\n\t\t\t\twidth: 33%;\n\t\t\t}\n\t\t\t#gallery-1 img {\n\t\t\t\tborder: 2px solid #cfcfcf;\n\t\t\t}\n\t\t\t#gallery-1 .gallery-caption {\n\t\t\t\tmargin-left: 0;\n\t\t\t}\n\t\t\t\/* see gallery_shortcode() in wp-includes\/media.php *\/\n\t\t<\/style>\n\t\t<div id='gallery-1' class='gallery galleryid-113990 gallery-columns-3 gallery-size-thumbnail'><dl class='gallery-item'>\n\t\t\t<dt class='gallery-icon portrait'>\n\t\t\t\t<a href='https:\/\/www.sudoestehoje.com.br\/novoportal\/2023\/11\/23\/audiencia-publica-em-caatiba-aborda-plano-de-revitalizacao-da-microbacia-do-rio-catole\/404892397_1506747686534260_9066791282734069283_n-2\/'><img loading=\"lazy\" decoding=\"async\" width=\"150\" height=\"150\" src=\"https:\/\/www.sudoestehoje.com.br\/novoportal\/wp-content\/uploads\/2023\/11\/404892397_1506747686534260_9066791282734069283_n-1-150x150.jpg\" class=\"attachment-thumbnail size-thumbnail\" alt=\"\" \/><\/a>\n\t\t\t<\/dt><\/dl><dl class='gallery-item'>\n\t\t\t<dt class='gallery-icon landscape'>\n\t\t\t\t<a href='https:\/\/www.sudoestehoje.com.br\/novoportal\/2023\/11\/23\/audiencia-publica-em-caatiba-aborda-plano-de-revitalizacao-da-microbacia-do-rio-catole\/403983643_1506748709867491_8013504067437089511_n\/'><img loading=\"lazy\" decoding=\"async\" width=\"150\" height=\"150\" src=\"https:\/\/www.sudoestehoje.com.br\/novoportal\/wp-content\/uploads\/2023\/11\/403983643_1506748709867491_8013504067437089511_n-150x150.jpg\" class=\"attachment-thumbnail size-thumbnail\" alt=\"\" \/><\/a>\n\t\t\t<\/dt><\/dl><dl class='gallery-item'>\n\t\t\t<dt class='gallery-icon landscape'>\n\t\t\t\t<a href='https:\/\/www.sudoestehoje.com.br\/novoportal\/2023\/11\/23\/audiencia-publica-em-caatiba-aborda-plano-de-revitalizacao-da-microbacia-do-rio-catole\/404917492_1506747706534258_4046331750962338377_n\/'><img loading=\"lazy\" decoding=\"async\" width=\"150\" height=\"150\" src=\"https:\/\/www.sudoestehoje.com.br\/novoportal\/wp-content\/uploads\/2023\/11\/404917492_1506747706534258_4046331750962338377_n-150x150.jpg\" class=\"attachment-thumbnail size-thumbnail\" alt=\"\" \/><\/a>\n\t\t\t<\/dt><\/dl><br style=\"clear: both\" \/>\n\t\t<\/div>\n\n","protected":false},"excerpt":{"rendered":"<p>Na manh\u00e3 desta quarta-feira (22), no audit\u00f3rio municipal Professor Marinaldo Domingos, representantes dos munic\u00edpios de Caatiba, Itapetinga e Itamb\u00e9 se reuniram em uma audi\u00eancia p\u00fablica, crucial para discutir o plano de revitaliza\u00e7\u00e3o da micro bacia do rio Catol\u00e9 Grande. O grandioso evento, parte do processo do Minist\u00e9rio P\u00fablico sobre a constru\u00e7\u00e3o da barragem do Catol\u00e9, [&hellip;]<\/p>\n","protected":false},"author":2,"featured_media":114002,"comment_status":"closed","ping_status":"open","sticky":false,"template":"","format":"standard","meta":{"footnotes":"","_links_to":"","_links_to_target":""},"categories":[1],"tags":[],"class_list":["post-113990","post","type-post","status-publish","format-standard","has-post-thumbnail","hentry","category-geral"],"views":784,"_links":{"self":[{"href":"https:\/\/www.sudoestehoje.com.br\/novoportal\/wp-json\/wp\/v2\/posts\/113990","targetHints":{"allow":["GET"]}}],"collection":[{"href":"https:\/\/www.sudoestehoje.com.br\/novoportal\/wp-json\/wp\/v2\/posts"}],"about":[{"href":"https:\/\/www.sudoestehoje.com.br\/novoportal\/wp-json\/wp\/v2\/types\/post"}],"author":[{"embeddable":true,"href":"https:\/\/www.sudoestehoje.com.br\/novoportal\/wp-json\/wp\/v2\/users\/2"}],"replies":[{"embeddable":true,"href":"https:\/\/www.sudoestehoje.com.br\/novoportal\/wp-json\/wp\/v2\/comments?post=113990"}],"version-history":[{"count":3,"href":"https:\/\/www.sudoestehoje.com.br\/novoportal\/wp-json\/wp\/v2\/posts\/113990\/revisions"}],"predecessor-version":[{"id":114003,"href":"https:\/\/www.sudoestehoje.com.br\/novoportal\/wp-json\/wp\/v2\/posts\/113990\/revisions\/114003"}],"wp:featuredmedia":[{"embeddable":true,"href":"https:\/\/www.sudoestehoje.com.br\/novoportal\/wp-json\/wp\/v2\/media\/114002"}],"wp:attachment":[{"href":"https:\/\/www.sudoestehoje.com.br\/novoportal\/wp-json\/wp\/v2\/media?parent=113990"}],"wp:term":[{"taxonomy":"category","embeddable":true,"href":"https:\/\/www.sudoestehoje.com.br\/novoportal\/wp-json\/wp\/v2\/categories?post=113990"},{"taxonomy":"post_tag","embeddable":true,"href":"https:\/\/www.sudoestehoje.com.br\/novoportal\/wp-json\/wp\/v2\/tags?post=113990"}],"curies":[{"name":"wp","href":"https:\/\/api.w.org\/{rel}","templated":true}]}}