
{"id":113980,"date":"2023-11-23T09:32:54","date_gmt":"2023-11-23T12:32:54","guid":{"rendered":"https:\/\/www.sudoestehoje.com.br\/novoportal\/?p=113980"},"modified":"2023-11-23T09:32:54","modified_gmt":"2023-11-23T12:32:54","slug":"policiais-militares-ficam-feridos-apos-viatura-capotar-em-perseguicao-a-carro-no-sul-da-bahia","status":"publish","type":"post","link":"https:\/\/www.sudoestehoje.com.br\/novoportal\/2023\/11\/23\/policiais-militares-ficam-feridos-apos-viatura-capotar-em-perseguicao-a-carro-no-sul-da-bahia\/","title":{"rendered":"POLICIAIS MILITARES FICAM FERIDOS AP\u00d3S VIATURA CAPOTAR EM PERSEGUI\u00c7\u00c3O A CARRO NO SUL DA BAHIA"},"content":{"rendered":"<div id=\"chunk-bii5o\">\n<div class=\"mc-column content-text active-extra-styles \" data-block-type=\"unstyled\" data-block-weight=\"36\" data-block-id=\"2\">\n<p data-track-category=\"Link no Texto\" data-track-links=\"\"><img loading=\"lazy\" decoding=\"async\" class=\"alignnone  wp-image-113982\" src=\"https:\/\/www.sudoestehoje.com.br\/novoportal\/wp-content\/uploads\/2023\/11\/viatura-capota-600x352.webp\" alt=\"\" width=\"551\" height=\"323\" srcset=\"https:\/\/www.sudoestehoje.com.br\/novoportal\/wp-content\/uploads\/2023\/11\/viatura-capota-600x352.webp 600w, https:\/\/www.sudoestehoje.com.br\/novoportal\/wp-content\/uploads\/2023\/11\/viatura-capota.webp 670w\" sizes=\"auto, (max-width: 551px) 100vw, 551px\" \/><\/p>\n<p class=\" content-text__container \" data-track-category=\"Link no Texto\" data-track-links=\"\"><strong>Dois policiais militares ficaram feridos ap\u00f3s a viatura em que estavam capotar durante uma persegui\u00e7\u00e3o a um carro na BA-274, na zona rural da cidade de\u00a0<a class=\"\" href=\"https:\/\/g1.globo.com\/ba\/bahia\/cidade\/canavieiras\/\">Canavieiras<\/a>, no sul da Bahia, na tarde de quarta-feira (22).<\/strong><\/p>\n<\/div>\n<\/div>\n<div class=\"wall protected-content\">\n<div id=\"chunk-6su0v\">\n<div class=\"mc-column content-text active-extra-styles \" data-block-type=\"unstyled\" data-block-weight=\"37\" data-block-id=\"5\">\n<p class=\" content-text__container \" data-track-category=\"Link no Texto\" data-track-links=\"\"><strong>Segundo a Pol\u00edcia Militar, um dos policiais chegou a ficar preso entre \u00e0s ferragens e foi retirado por uma equipe de resgate. Pelo menos oito pessoas se uniram para ajudar a levar a v\u00edtima at\u00e9 a ambul\u00e2ncia.<\/strong><\/p>\n<\/div>\n<\/div>\n<div id=\"chunk-735no\">\n<div class=\"mc-column content-text active-extra-styles \" data-block-type=\"unstyled\" data-block-weight=\"27\" data-block-id=\"6\">\n<p class=\" content-text__container \" data-track-category=\"Link no Texto\" data-track-links=\"\"><strong>Os dois policiais foram levados para o Hospital Municipal R\u00e9gis Pacheco, em Canavieiras. Um deles continua em observa\u00e7\u00e3o m\u00e9dica e o estado de sa\u00fade \u00e9 considerado est\u00e1vel. <span style=\"font-family: inherit; font-size: inherit; font-style: inherit; font-variant-ligatures: inherit; font-variant-caps: inherit; text-align: center;\">O outro precisou ser transferido para um hospital de <\/span><a class=\"\" style=\"font-family: inherit; font-size: inherit; font-style: inherit; font-variant-ligatures: inherit; font-variant-caps: inherit; font-weight: inherit; text-align: center;\" href=\"https:\/\/g1.globo.com\/ba\/bahia\/cidade\/ilheus\/\">Ilh\u00e9us<\/a><span style=\"font-family: inherit; font-size: inherit; font-style: inherit; font-variant-ligatures: inherit; font-variant-caps: inherit; text-align: center;\">, que fica na mesma regi\u00e3o de Canavieiras. Em nota, a Pol\u00edcia Militar disse que o comando da unidade acompanha e presta apoio aos militares.<\/span><\/strong><\/p>\n<\/div>\n<\/div>\n<\/div>\n","protected":false},"excerpt":{"rendered":"<p>Dois policiais militares ficaram feridos ap\u00f3s a viatura em que estavam capotar durante uma persegui\u00e7\u00e3o a um carro na BA-274, na zona rural da cidade de\u00a0Canavieiras, no sul da Bahia, na tarde de quarta-feira (22). Segundo a Pol\u00edcia Militar, um dos policiais chegou a ficar preso entre \u00e0s ferragens e foi retirado por uma equipe [&hellip;]<\/p>\n","protected":false},"author":2,"featured_media":113982,"comment_status":"closed","ping_status":"open","sticky":false,"template":"","format":"standard","meta":{"footnotes":"","_links_to":"","_links_to_target":""},"categories":[1],"tags":[],"class_list":["post-113980","post","type-post","status-publish","format-standard","has-post-thumbnail","hentry","category-geral"],"views":1550,"_links":{"self":[{"href":"https:\/\/www.sudoestehoje.com.br\/novoportal\/wp-json\/wp\/v2\/posts\/113980","targetHints":{"allow":["GET"]}}],"collection":[{"href":"https:\/\/www.sudoestehoje.com.br\/novoportal\/wp-json\/wp\/v2\/posts"}],"about":[{"href":"https:\/\/www.sudoestehoje.com.br\/novoportal\/wp-json\/wp\/v2\/types\/post"}],"author":[{"embeddable":true,"href":"https:\/\/www.sudoestehoje.com.br\/novoportal\/wp-json\/wp\/v2\/users\/2"}],"replies":[{"embeddable":true,"href":"https:\/\/www.sudoestehoje.com.br\/novoportal\/wp-json\/wp\/v2\/comments?post=113980"}],"version-history":[{"count":2,"href":"https:\/\/www.sudoestehoje.com.br\/novoportal\/wp-json\/wp\/v2\/posts\/113980\/revisions"}],"predecessor-version":[{"id":113983,"href":"https:\/\/www.sudoestehoje.com.br\/novoportal\/wp-json\/wp\/v2\/posts\/113980\/revisions\/113983"}],"wp:featuredmedia":[{"embeddable":true,"href":"https:\/\/www.sudoestehoje.com.br\/novoportal\/wp-json\/wp\/v2\/media\/113982"}],"wp:attachment":[{"href":"https:\/\/www.sudoestehoje.com.br\/novoportal\/wp-json\/wp\/v2\/media?parent=113980"}],"wp:term":[{"taxonomy":"category","embeddable":true,"href":"https:\/\/www.sudoestehoje.com.br\/novoportal\/wp-json\/wp\/v2\/categories?post=113980"},{"taxonomy":"post_tag","embeddable":true,"href":"https:\/\/www.sudoestehoje.com.br\/novoportal\/wp-json\/wp\/v2\/tags?post=113980"}],"curies":[{"name":"wp","href":"https:\/\/api.w.org\/{rel}","templated":true}]}}