
{"id":113969,"date":"2023-11-22T09:54:29","date_gmt":"2023-11-22T12:54:29","guid":{"rendered":"https:\/\/www.sudoestehoje.com.br\/novoportal\/?p=113969"},"modified":"2023-11-22T10:02:52","modified_gmt":"2023-11-22T13:02:52","slug":"itapetinga-pista-sem-imuminacao-provoca-mais-um-acidente-grave-no-trecho-urbano-da-ba-263-envolvendo-animal","status":"publish","type":"post","link":"https:\/\/www.sudoestehoje.com.br\/novoportal\/2023\/11\/22\/itapetinga-pista-sem-imuminacao-provoca-mais-um-acidente-grave-no-trecho-urbano-da-ba-263-envolvendo-animal\/","title":{"rendered":"ITAPETINGA | PISTA SEM ILUMINA\u00c7\u00c3O PROVOCA MAIS UM ACIDENTE GRAVE NO TRECHO URBANO DA BA-263 ENVOLVENDO ANIMAL"},"content":{"rendered":"<p><img loading=\"lazy\" decoding=\"async\" class=\"alignnone wp-image-113972\" src=\"https:\/\/www.sudoestehoje.com.br\/novoportal\/wp-content\/uploads\/2023\/11\/26cec7eb-e912-423d-bc7a-606a6dec8c9f-600x476.jpg\" alt=\"\" width=\"551\" height=\"437\" srcset=\"https:\/\/www.sudoestehoje.com.br\/novoportal\/wp-content\/uploads\/2023\/11\/26cec7eb-e912-423d-bc7a-606a6dec8c9f-600x476.jpg 600w, https:\/\/www.sudoestehoje.com.br\/novoportal\/wp-content\/uploads\/2023\/11\/26cec7eb-e912-423d-bc7a-606a6dec8c9f-700x555.jpg 700w, https:\/\/www.sudoestehoje.com.br\/novoportal\/wp-content\/uploads\/2023\/11\/26cec7eb-e912-423d-bc7a-606a6dec8c9f-768x609.jpg 768w, https:\/\/www.sudoestehoje.com.br\/novoportal\/wp-content\/uploads\/2023\/11\/26cec7eb-e912-423d-bc7a-606a6dec8c9f.jpg 1200w\" sizes=\"auto, (max-width: 551px) 100vw, 551px\" \/><\/p>\n<p><strong>Mais um acidente grave aconteceu na noite desta ter\u00e7a-feira (21), no trecho urbano da BA-263, em Itapetinga, envolvendo dois ve\u00edculos e um animal que atravessava a rodovia, numa \u00e1rea sem ilumina\u00e7\u00e3o. Ainda n\u00e3o h\u00e1 informa\u00e7\u00f5es sobre v\u00edtimas, mas o animal, um cavalo, morreu na hora.<\/strong><\/p>\n<p><strong>A cobran\u00e7a pela ilumina\u00e7\u00e3o do trecho urbano da BA-263, vem sendo cobrado pela popula\u00e7\u00e3o de Itapetinga h\u00e1 anos, sem qualquer resposta da SEINFRA, que tem demonstrado total desinteresse pela quest\u00e3o, por raz\u00f5es meramente pol\u00edticas.<\/strong><\/p>\n<p><img loading=\"lazy\" decoding=\"async\" class=\"alignnone wp-image-113974\" src=\"https:\/\/www.sudoestehoje.com.br\/novoportal\/wp-content\/uploads\/2023\/11\/9245c4e8-5af6-4411-88f2-cf3d8c5cd16c-600x459.jpg\" alt=\"\" width=\"549\" height=\"420\" srcset=\"https:\/\/www.sudoestehoje.com.br\/novoportal\/wp-content\/uploads\/2023\/11\/9245c4e8-5af6-4411-88f2-cf3d8c5cd16c-600x459.jpg 600w, https:\/\/www.sudoestehoje.com.br\/novoportal\/wp-content\/uploads\/2023\/11\/9245c4e8-5af6-4411-88f2-cf3d8c5cd16c-700x535.jpg 700w, https:\/\/www.sudoestehoje.com.br\/novoportal\/wp-content\/uploads\/2023\/11\/9245c4e8-5af6-4411-88f2-cf3d8c5cd16c-768x587.jpg 768w, https:\/\/www.sudoestehoje.com.br\/novoportal\/wp-content\/uploads\/2023\/11\/9245c4e8-5af6-4411-88f2-cf3d8c5cd16c.jpg 1200w\" sizes=\"auto, (max-width: 549px) 100vw, 549px\" \/><\/p>\n<p><strong><em>&#8220;Recentemente, cobramos atrav\u00e9s deste blog a ilumina\u00e7\u00e3o do trecho entre o trevo da Azaleia e a Pol\u00edcia Rodovi\u00e1ria, devido ao grande n\u00famero de acidentes envolvendo animais na pista, alguns causando a morte ou ferimentos graves dos condutores dos ve\u00edculos e tamb\u00e9m dos animais, mas os pol\u00edticos da base governista em Itapetinga &#8216;colocam o dedo no suspiro, impedindo a SEINFRA de atuar nesta e outras quest\u00f5es de interesse regional&#8221;<\/em>, reclamou o advogado Davi Ferraz, autor da proposta.<\/strong><\/p>\n<p><img loading=\"lazy\" decoding=\"async\" class=\"alignnone wp-image-113973\" src=\"https:\/\/www.sudoestehoje.com.br\/novoportal\/wp-content\/uploads\/2023\/11\/13f7abdb-4bdc-46be-8444-3c510a33a274-600x584.jpg\" alt=\"\" width=\"549\" height=\"534\" srcset=\"https:\/\/www.sudoestehoje.com.br\/novoportal\/wp-content\/uploads\/2023\/11\/13f7abdb-4bdc-46be-8444-3c510a33a274-600x584.jpg 600w, https:\/\/www.sudoestehoje.com.br\/novoportal\/wp-content\/uploads\/2023\/11\/13f7abdb-4bdc-46be-8444-3c510a33a274-700x681.jpg 700w, https:\/\/www.sudoestehoje.com.br\/novoportal\/wp-content\/uploads\/2023\/11\/13f7abdb-4bdc-46be-8444-3c510a33a274-768x747.jpg 768w, https:\/\/www.sudoestehoje.com.br\/novoportal\/wp-content\/uploads\/2023\/11\/13f7abdb-4bdc-46be-8444-3c510a33a274.jpg 1200w\" sizes=\"auto, (max-width: 549px) 100vw, 549px\" \/><\/p>\n<p><strong>O assunto \u00e9 t\u00e3o grave, que motivou uma discuss\u00e3o na Assembleia Legislativa da Bahia, provocada pelo deputado Pedro Tavares, autor de uma indica\u00e7\u00e3o ao governador, pedindo a ilumina\u00e7\u00e3o da pista.<\/strong><\/p>\n<p><strong><em>&#8220;Nada foi resolvido e os acidentes continuam e continuar\u00e3o a acontecer&#8221;<\/em>, concluiu Davi Ferraz.<\/strong><\/p>\n<p><strong>Reda\u00e7\u00e3o SH<\/strong><\/p>\n","protected":false},"excerpt":{"rendered":"<p>Mais um acidente grave aconteceu na noite desta ter\u00e7a-feira (21), no trecho urbano da BA-263, em Itapetinga, envolvendo dois ve\u00edculos e um animal que atravessava a rodovia, numa \u00e1rea sem ilumina\u00e7\u00e3o. Ainda n\u00e3o h\u00e1 informa\u00e7\u00f5es sobre v\u00edtimas, mas o animal, um cavalo, morreu na hora. A cobran\u00e7a pela ilumina\u00e7\u00e3o do trecho urbano da BA-263, vem [&hellip;]<\/p>\n","protected":false},"author":2,"featured_media":113972,"comment_status":"closed","ping_status":"open","sticky":false,"template":"","format":"standard","meta":{"footnotes":"","_links_to":"","_links_to_target":""},"categories":[1],"tags":[],"class_list":["post-113969","post","type-post","status-publish","format-standard","has-post-thumbnail","hentry","category-geral"],"views":1910,"_links":{"self":[{"href":"https:\/\/www.sudoestehoje.com.br\/novoportal\/wp-json\/wp\/v2\/posts\/113969","targetHints":{"allow":["GET"]}}],"collection":[{"href":"https:\/\/www.sudoestehoje.com.br\/novoportal\/wp-json\/wp\/v2\/posts"}],"about":[{"href":"https:\/\/www.sudoestehoje.com.br\/novoportal\/wp-json\/wp\/v2\/types\/post"}],"author":[{"embeddable":true,"href":"https:\/\/www.sudoestehoje.com.br\/novoportal\/wp-json\/wp\/v2\/users\/2"}],"replies":[{"embeddable":true,"href":"https:\/\/www.sudoestehoje.com.br\/novoportal\/wp-json\/wp\/v2\/comments?post=113969"}],"version-history":[{"count":7,"href":"https:\/\/www.sudoestehoje.com.br\/novoportal\/wp-json\/wp\/v2\/posts\/113969\/revisions"}],"predecessor-version":[{"id":113979,"href":"https:\/\/www.sudoestehoje.com.br\/novoportal\/wp-json\/wp\/v2\/posts\/113969\/revisions\/113979"}],"wp:featuredmedia":[{"embeddable":true,"href":"https:\/\/www.sudoestehoje.com.br\/novoportal\/wp-json\/wp\/v2\/media\/113972"}],"wp:attachment":[{"href":"https:\/\/www.sudoestehoje.com.br\/novoportal\/wp-json\/wp\/v2\/media?parent=113969"}],"wp:term":[{"taxonomy":"category","embeddable":true,"href":"https:\/\/www.sudoestehoje.com.br\/novoportal\/wp-json\/wp\/v2\/categories?post=113969"},{"taxonomy":"post_tag","embeddable":true,"href":"https:\/\/www.sudoestehoje.com.br\/novoportal\/wp-json\/wp\/v2\/tags?post=113969"}],"curies":[{"name":"wp","href":"https:\/\/api.w.org\/{rel}","templated":true}]}}