
{"id":113938,"date":"2023-11-21T09:49:02","date_gmt":"2023-11-21T12:49:02","guid":{"rendered":"https:\/\/www.sudoestehoje.com.br\/novoportal\/?p=113938"},"modified":"2023-11-21T09:49:02","modified_gmt":"2023-11-21T12:49:02","slug":"itapetinga-cantora-gospel-cassiane-e-anunciada-pela-prefeitura-e-amei-para-a-marcha-para-jesus-em-12-de-dezembro","status":"publish","type":"post","link":"https:\/\/www.sudoestehoje.com.br\/novoportal\/2023\/11\/21\/itapetinga-cantora-gospel-cassiane-e-anunciada-pela-prefeitura-e-amei-para-a-marcha-para-jesus-em-12-de-dezembro\/","title":{"rendered":"ITAPETINGA | CANTORA GOSPEL CASSIANE \u00c9 ANUNCIADA PELA PREFEITURA E AMEI PARA A MARCHA PARA JESUS EM 12 DE DEZEMBRO"},"content":{"rendered":"<div style=\"width: 480px;\" class=\"wp-video\"><!--[if lt IE 9]><script>document.createElement('video');<\/script><![endif]-->\n<video class=\"wp-video-shortcode\" id=\"video-113938-1\" width=\"480\" height=\"848\" preload=\"metadata\" controls=\"controls\"><source type=\"video\/mp4\" src=\"https:\/\/www.sudoestehoje.com.br\/novoportal\/wp-content\/uploads\/2023\/11\/WhatsApp-Video-2023-11-21-at-08.38.37.mp4?_=1\" \/><a href=\"https:\/\/www.sudoestehoje.com.br\/novoportal\/wp-content\/uploads\/2023\/11\/WhatsApp-Video-2023-11-21-at-08.38.37.mp4\">https:\/\/www.sudoestehoje.com.br\/novoportal\/wp-content\/uploads\/2023\/11\/WhatsApp-Video-2023-11-21-at-08.38.37.mp4<\/a><\/video><\/div>\n<p class=\"western\" align=\"justify\"><strong>Aconteceu, na noite desta segunda-feira, 20, o lan\u00e7amento oficial da 25\u00aa edi\u00e7\u00e3o da Marcha para Jesus. No audit\u00f3rio da Coopardo, a comunidade evang\u00e9lica e poder p\u00fablico apresentaram a programa\u00e7\u00e3o oficial do j\u00e1 tradicional evento.<\/strong><\/p>\n<p class=\"western\" align=\"justify\"><strong>Embora sempre presente, apoiando a marcha, pela primeira vez, a prefeitura entra como realizadora, junto com a AMEI (Associa\u00e7\u00e3o de Ministros Evang\u00e9licos de Itapetinga). De acordo com o prefeito Rodrigo Hagge, \u201cisso nos d\u00e1 uma responsabilidade ainda maior. O planejamento j\u00e1 estava muito bom, mas eu precisava deixar um legado para a comunidade evang\u00e9lica de Itapetinga\u201d, disse o prefeito ao anunciar a atra\u00e7\u00e3o principal do evento, a cantora Cassiane.<\/strong><\/p>\n<p class=\"western\" align=\"justify\"><strong>Recordista de vendas, Cassiane alcan\u00e7ou destaque nacional ainda jovem, tornando-se uma das int\u00e9rpretes mais not\u00e1veis do segmento evang\u00e9lico. A artista recebeu v\u00e1rias certifica\u00e7\u00f5es de ouro e platina tripla por seus \u00e1lbuns. Depois de anos, ela volta \u00e0 Bahia, pela primeira vez na regi\u00e3o sul e sudoeste, durante o anivers\u00e1rio de 71 anos de Itapetinga.<\/strong><\/p>\n<p class=\"western\" align=\"justify\"><strong>A Marcha para Jesus j\u00e1 faz parte do calend\u00e1rio oficial do munic\u00edpio e tem como principal objetivo, levar mensagem de paz e uni\u00e3o por todos os cantos. Para Rodrigo, essa corrente de ora\u00e7\u00e3o tem trazido grandes b\u00ean\u00e7\u00e3os para o munic\u00edpio. \u201cNossa cidade tem crescido constantemente. Isso n\u00e3o \u00e9 apenas reflexo do trabalho que temos desenvolvido, mas do agir de Deus sobre n\u00f3s. E eu fico muito feliz em poder participar dessa nova era do nosso munic\u00edpio\u201d, afirmou o prefeito.<\/strong><\/p>\n<p class=\"western\" align=\"justify\"><strong>A Marcha para Jesus acontecer\u00e1 no pr\u00f3ximo dia 12 de dezembro e promete reunir uma multid\u00e3o em um momento de gra\u00e7a e louvor.<\/strong><\/p>\n","protected":false},"excerpt":{"rendered":"<p>Aconteceu, na noite desta segunda-feira, 20, o lan\u00e7amento oficial da 25\u00aa edi\u00e7\u00e3o da Marcha para Jesus. No audit\u00f3rio da Coopardo, a comunidade evang\u00e9lica e poder p\u00fablico apresentaram a programa\u00e7\u00e3o oficial do j\u00e1 tradicional evento. Embora sempre presente, apoiando a marcha, pela primeira vez, a prefeitura entra como realizadora, junto com a AMEI (Associa\u00e7\u00e3o de Ministros [&hellip;]<\/p>\n","protected":false},"author":2,"featured_media":113940,"comment_status":"closed","ping_status":"open","sticky":false,"template":"","format":"standard","meta":{"footnotes":"","_links_to":"","_links_to_target":""},"categories":[1],"tags":[],"class_list":["post-113938","post","type-post","status-publish","format-standard","has-post-thumbnail","hentry","category-geral"],"views":1090,"_links":{"self":[{"href":"https:\/\/www.sudoestehoje.com.br\/novoportal\/wp-json\/wp\/v2\/posts\/113938","targetHints":{"allow":["GET"]}}],"collection":[{"href":"https:\/\/www.sudoestehoje.com.br\/novoportal\/wp-json\/wp\/v2\/posts"}],"about":[{"href":"https:\/\/www.sudoestehoje.com.br\/novoportal\/wp-json\/wp\/v2\/types\/post"}],"author":[{"embeddable":true,"href":"https:\/\/www.sudoestehoje.com.br\/novoportal\/wp-json\/wp\/v2\/users\/2"}],"replies":[{"embeddable":true,"href":"https:\/\/www.sudoestehoje.com.br\/novoportal\/wp-json\/wp\/v2\/comments?post=113938"}],"version-history":[{"count":2,"href":"https:\/\/www.sudoestehoje.com.br\/novoportal\/wp-json\/wp\/v2\/posts\/113938\/revisions"}],"predecessor-version":[{"id":113942,"href":"https:\/\/www.sudoestehoje.com.br\/novoportal\/wp-json\/wp\/v2\/posts\/113938\/revisions\/113942"}],"wp:featuredmedia":[{"embeddable":true,"href":"https:\/\/www.sudoestehoje.com.br\/novoportal\/wp-json\/wp\/v2\/media\/113940"}],"wp:attachment":[{"href":"https:\/\/www.sudoestehoje.com.br\/novoportal\/wp-json\/wp\/v2\/media?parent=113938"}],"wp:term":[{"taxonomy":"category","embeddable":true,"href":"https:\/\/www.sudoestehoje.com.br\/novoportal\/wp-json\/wp\/v2\/categories?post=113938"},{"taxonomy":"post_tag","embeddable":true,"href":"https:\/\/www.sudoestehoje.com.br\/novoportal\/wp-json\/wp\/v2\/tags?post=113938"}],"curies":[{"name":"wp","href":"https:\/\/api.w.org\/{rel}","templated":true}]}}