
{"id":113900,"date":"2023-11-21T08:16:40","date_gmt":"2023-11-21T11:16:40","guid":{"rendered":"https:\/\/www.sudoestehoje.com.br\/novoportal\/?p=113900"},"modified":"2023-11-21T08:31:21","modified_gmt":"2023-11-21T11:31:21","slug":"eleicoes-pre-candidato-pelo-mdb-carlinhos-sonha-em-voltar-a-prefeitura-de-macarani","status":"publish","type":"post","link":"https:\/\/www.sudoestehoje.com.br\/novoportal\/2023\/11\/21\/eleicoes-pre-candidato-pelo-mdb-carlinhos-sonha-em-voltar-a-prefeitura-de-macarani\/","title":{"rendered":"ELEI\u00c7\u00d5ES | PR\u00c9-CANDIDATO PELO MDB, CARLINHOS QUER VOLTAR \u00c0 PREFEITURA DE MACARANI"},"content":{"rendered":"<p><img loading=\"lazy\" decoding=\"async\" class=\"alignnone wp-image-113902\" src=\"https:\/\/www.sudoestehoje.com.br\/novoportal\/wp-content\/uploads\/2023\/11\/DSC_2739-001.jpg\" alt=\"\" width=\"549\" height=\"369\" \/><\/p>\n<p><strong>Cassado do cargo de prefeito em 2015, pelo TSE, o empres\u00e1rio Ant\u00f4nio Carlos Ara\u00fajo, o Carlinhos, \u00e9 o nome mais cotado das oposi\u00e7\u00f5es, na cidade de Macarani, para disputar as elei\u00e7\u00f5es de 2024 contra a atual gestora municipal Selma Souto, que tentar\u00e1 a reelei\u00e7\u00e3o.<\/strong><\/p>\n<p><strong>Com muitas realiza\u00e7\u00f5es no seu curr\u00edculo de prefeito do munic\u00edpio, Carlinhos e seus aliados apostam no crescente desgaste da prefeita Selma, que segundo a oposi\u00e7\u00e3o \u00e9 manipulada pelo seu marido Armando Porto, outro pol\u00edtico que ficou ineleg\u00edvel, ap\u00f3s 3 mandatos como prefeito do munic\u00edpio.\u00a0<\/strong><\/p>\n<p><strong><em>&#8220;Selma iniciou seu mandato com muita for\u00e7a, mas na medida em que o tempo foi passando, caiu na vala comum e passou a sofrer desgaste, como aconteceu com Armando, no passado, que acabou derrotado pelo seu vice, Dr. Miller Ferraz&#8221;<\/em>, comentou um experiente pol\u00edtico do munic\u00edpio.<\/strong><\/p>\n<p><strong>Presidente do diret\u00f3rio municipal do MDB, Carlinhos tem passado mais tempo fora do munic\u00edpio, cuidando dos seus neg\u00f3cios, mas os boatos na cidade d\u00e3o conta de que<em> &#8220;o homem t\u00e1 voltando&#8221;<\/em>.<\/strong><\/p>\n<p><strong>Vai ser uma disputa interessante&#8230;<\/strong><\/p>\n<p><strong>Por Davi Ferraz<\/strong><\/p>\n","protected":false},"excerpt":{"rendered":"<p>Cassado do cargo de prefeito em 2015, pelo TSE, o empres\u00e1rio Ant\u00f4nio Carlos Ara\u00fajo, o Carlinhos, \u00e9 o nome mais cotado das oposi\u00e7\u00f5es, na cidade de Macarani, para disputar as elei\u00e7\u00f5es de 2024 contra a atual gestora municipal Selma Souto, que tentar\u00e1 a reelei\u00e7\u00e3o. Com muitas realiza\u00e7\u00f5es no seu curr\u00edculo de prefeito do munic\u00edpio, Carlinhos [&hellip;]<\/p>\n","protected":false},"author":2,"featured_media":113902,"comment_status":"closed","ping_status":"open","sticky":false,"template":"","format":"standard","meta":{"footnotes":"","_links_to":"","_links_to_target":""},"categories":[1],"tags":[],"class_list":["post-113900","post","type-post","status-publish","format-standard","has-post-thumbnail","hentry","category-geral"],"views":1602,"_links":{"self":[{"href":"https:\/\/www.sudoestehoje.com.br\/novoportal\/wp-json\/wp\/v2\/posts\/113900","targetHints":{"allow":["GET"]}}],"collection":[{"href":"https:\/\/www.sudoestehoje.com.br\/novoportal\/wp-json\/wp\/v2\/posts"}],"about":[{"href":"https:\/\/www.sudoestehoje.com.br\/novoportal\/wp-json\/wp\/v2\/types\/post"}],"author":[{"embeddable":true,"href":"https:\/\/www.sudoestehoje.com.br\/novoportal\/wp-json\/wp\/v2\/users\/2"}],"replies":[{"embeddable":true,"href":"https:\/\/www.sudoestehoje.com.br\/novoportal\/wp-json\/wp\/v2\/comments?post=113900"}],"version-history":[{"count":4,"href":"https:\/\/www.sudoestehoje.com.br\/novoportal\/wp-json\/wp\/v2\/posts\/113900\/revisions"}],"predecessor-version":[{"id":113916,"href":"https:\/\/www.sudoestehoje.com.br\/novoportal\/wp-json\/wp\/v2\/posts\/113900\/revisions\/113916"}],"wp:featuredmedia":[{"embeddable":true,"href":"https:\/\/www.sudoestehoje.com.br\/novoportal\/wp-json\/wp\/v2\/media\/113902"}],"wp:attachment":[{"href":"https:\/\/www.sudoestehoje.com.br\/novoportal\/wp-json\/wp\/v2\/media?parent=113900"}],"wp:term":[{"taxonomy":"category","embeddable":true,"href":"https:\/\/www.sudoestehoje.com.br\/novoportal\/wp-json\/wp\/v2\/categories?post=113900"},{"taxonomy":"post_tag","embeddable":true,"href":"https:\/\/www.sudoestehoje.com.br\/novoportal\/wp-json\/wp\/v2\/tags?post=113900"}],"curies":[{"name":"wp","href":"https:\/\/api.w.org\/{rel}","templated":true}]}}