
{"id":113853,"date":"2023-11-18T22:14:55","date_gmt":"2023-11-19T01:14:55","guid":{"rendered":"https:\/\/www.sudoestehoje.com.br\/novoportal\/?p=113853"},"modified":"2023-11-18T22:22:35","modified_gmt":"2023-11-19T01:22:35","slug":"oticas-sol-realiza-maior-black-week-de-2023","status":"publish","type":"post","link":"https:\/\/www.sudoestehoje.com.br\/novoportal\/2023\/11\/18\/oticas-sol-realiza-maior-black-week-de-2023\/","title":{"rendered":"\u00d3TICAS SOL REALIZA MAIOR BLACK WEEK DE 2023"},"content":{"rendered":"<p><img loading=\"lazy\" decoding=\"async\" class=\"alignnone wp-image-113854\" src=\"https:\/\/www.sudoestehoje.com.br\/novoportal\/wp-content\/uploads\/2023\/11\/WhatsApp-Image-2023-11-18-at-11.47.14-600x720.jpeg\" alt=\"\" width=\"551\" height=\"661\" srcset=\"https:\/\/www.sudoestehoje.com.br\/novoportal\/wp-content\/uploads\/2023\/11\/WhatsApp-Image-2023-11-18-at-11.47.14-600x720.jpeg 600w, https:\/\/www.sudoestehoje.com.br\/novoportal\/wp-content\/uploads\/2023\/11\/WhatsApp-Image-2023-11-18-at-11.47.14-700x840.jpeg 700w, https:\/\/www.sudoestehoje.com.br\/novoportal\/wp-content\/uploads\/2023\/11\/WhatsApp-Image-2023-11-18-at-11.47.14-768x922.jpeg 768w, https:\/\/www.sudoestehoje.com.br\/novoportal\/wp-content\/uploads\/2023\/11\/WhatsApp-Image-2023-11-18-at-11.47.14.jpeg 1000w\" sizes=\"auto, (max-width: 551px) 100vw, 551px\" \/><br \/>\n<strong>A Rede \u00d3ticas Sol lan\u00e7a nesta segunda-feira, dia 20 de novembro de 2023 a sua Black Week. Ser\u00e1 uma semana inteira de promo\u00e7\u00f5es imperd\u00edveis, finalizando esta a\u00e7\u00e3o no dia 25 de novembro de 2023, pr\u00f3ximo s\u00e1bado.<\/strong><\/p>\n<p><strong>Na Black Week da SOL, os clientes poder\u00e3o adquirir seus \u00f3culos solares, arma\u00e7\u00f5es e lentes com 50% DE DESCONTO, podendo parcelar as suas compras em at\u00e9 10X SEM JUROS!<\/strong><\/p>\n<p><strong>A Black Week 2023 da Rede \u00d3ticas Sol \u00e9 uma excelente oportunidade para quem precisa atualizar suas lentes e adquirir \u00f3culos de grau e\/ou solar.<\/strong><\/p>\n<p><strong>\u00c9 metade do pre\u00e7o DE VERDADE e com condi\u00e7\u00f5es facilitadas para o pagamento. A rede conta tamb\u00e9m com laborat\u00f3rio pr\u00f3prio e equipamentos de alta tecnologia.<\/strong><\/p>\n<p><strong>Neste ano, a SOL tamb\u00e9m ir\u00e1 realizar a Black Week Kids, com pe\u00e7as infantis a partir de R$ 50! Voc\u00ea n\u00e3o leu errado, os papais tamb\u00e9m v\u00e3o aproveitar este super desconto para as crian\u00e7as!<\/strong><\/p>\n<p><strong>Importante ressaltar que teremos lentes pela METADE DO PRE\u00c7O com filtro de luz azul nociva, lentes com garantia de quebra, risco e mancha, lentes com tratamento fotossens\u00edvel, que escurecem e filtram a radia\u00e7\u00e3o ultravioleta, tudo isso com 50% DE DESCONTO! Imperd\u00edvel!<\/strong><\/p>\n<div style=\"width: 480px;\" class=\"wp-video\"><!--[if lt IE 9]><script>document.createElement('video');<\/script><![endif]-->\n<video class=\"wp-video-shortcode\" id=\"video-113853-1\" width=\"480\" height=\"848\" preload=\"metadata\" controls=\"controls\"><source type=\"video\/mp4\" src=\"https:\/\/www.sudoestehoje.com.br\/novoportal\/wp-content\/uploads\/2023\/11\/WhatsApp-Video-2023-11-18-at-11.47.14.mp4?_=1\" \/><a href=\"https:\/\/www.sudoestehoje.com.br\/novoportal\/wp-content\/uploads\/2023\/11\/WhatsApp-Video-2023-11-18-at-11.47.14.mp4\">https:\/\/www.sudoestehoje.com.br\/novoportal\/wp-content\/uploads\/2023\/11\/WhatsApp-Video-2023-11-18-at-11.47.14.mp4<\/a><\/video><\/div>\n<p><strong>Arma\u00e7\u00f5es e \u00f3culos de sol das mais diversas grifes, 100% originais, como por exemplo: Ray Ban, Vogue, Prada, Dolce &amp; Gabbana, Armani, Grazi, Ana Hickmann, HB, Arnette, entre outras pela metade do pre\u00e7o.<\/strong><\/p>\n<p><strong>N\u00e3o perca e compare\u00e7a na SOL mais pr\u00f3xima de voc\u00ea!<\/strong><\/p>\n<p><strong>A Rede Sol conta com 9 lojas f\u00edsicas no estado da Bahia, nas cidades: Itapetinga (duas unidades), Vit\u00f3ria da Conquista, Guanambi (duas unidades), Brumado, Itoror\u00f3, Livramento e Cacul\u00e9.<\/strong><\/p>\n<p><strong>Para acompanhar todo conte\u00fado da SOL nesta semana imperd\u00edvel com 50% DE DESCONTO, confiram o Instagram: @redeoticasol.<\/strong><\/p>\n<p><strong>NA REDE \u00d3TICAS SOL \u00c9 BLACK DE VERDADE, A MAIOR DO ANO! APROVEITE!<\/strong><\/p>\n","protected":false},"excerpt":{"rendered":"<p>A Rede \u00d3ticas Sol lan\u00e7a nesta segunda-feira, dia 20 de novembro de 2023 a sua Black Week. Ser\u00e1 uma semana inteira de promo\u00e7\u00f5es imperd\u00edveis, finalizando esta a\u00e7\u00e3o no dia 25 de novembro de 2023, pr\u00f3ximo s\u00e1bado. Na Black Week da SOL, os clientes poder\u00e3o adquirir seus \u00f3culos solares, arma\u00e7\u00f5es e lentes com 50% DE DESCONTO, [&hellip;]<\/p>\n","protected":false},"author":2,"featured_media":113854,"comment_status":"closed","ping_status":"open","sticky":false,"template":"","format":"standard","meta":{"footnotes":"","_links_to":"","_links_to_target":""},"categories":[1],"tags":[],"class_list":["post-113853","post","type-post","status-publish","format-standard","has-post-thumbnail","hentry","category-geral"],"views":830,"_links":{"self":[{"href":"https:\/\/www.sudoestehoje.com.br\/novoportal\/wp-json\/wp\/v2\/posts\/113853","targetHints":{"allow":["GET"]}}],"collection":[{"href":"https:\/\/www.sudoestehoje.com.br\/novoportal\/wp-json\/wp\/v2\/posts"}],"about":[{"href":"https:\/\/www.sudoestehoje.com.br\/novoportal\/wp-json\/wp\/v2\/types\/post"}],"author":[{"embeddable":true,"href":"https:\/\/www.sudoestehoje.com.br\/novoportal\/wp-json\/wp\/v2\/users\/2"}],"replies":[{"embeddable":true,"href":"https:\/\/www.sudoestehoje.com.br\/novoportal\/wp-json\/wp\/v2\/comments?post=113853"}],"version-history":[{"count":4,"href":"https:\/\/www.sudoestehoje.com.br\/novoportal\/wp-json\/wp\/v2\/posts\/113853\/revisions"}],"predecessor-version":[{"id":113863,"href":"https:\/\/www.sudoestehoje.com.br\/novoportal\/wp-json\/wp\/v2\/posts\/113853\/revisions\/113863"}],"wp:featuredmedia":[{"embeddable":true,"href":"https:\/\/www.sudoestehoje.com.br\/novoportal\/wp-json\/wp\/v2\/media\/113854"}],"wp:attachment":[{"href":"https:\/\/www.sudoestehoje.com.br\/novoportal\/wp-json\/wp\/v2\/media?parent=113853"}],"wp:term":[{"taxonomy":"category","embeddable":true,"href":"https:\/\/www.sudoestehoje.com.br\/novoportal\/wp-json\/wp\/v2\/categories?post=113853"},{"taxonomy":"post_tag","embeddable":true,"href":"https:\/\/www.sudoestehoje.com.br\/novoportal\/wp-json\/wp\/v2\/tags?post=113853"}],"curies":[{"name":"wp","href":"https:\/\/api.w.org\/{rel}","templated":true}]}}