
{"id":113839,"date":"2023-11-17T10:51:08","date_gmt":"2023-11-17T13:51:08","guid":{"rendered":"https:\/\/www.sudoestehoje.com.br\/novoportal\/?p=113839"},"modified":"2023-11-17T10:51:08","modified_gmt":"2023-11-17T13:51:08","slug":"eleicoes-itapetinga-quantos-vereadores-deverao-se-reeleger-em-2024-2","status":"publish","type":"post","link":"https:\/\/www.sudoestehoje.com.br\/novoportal\/2023\/11\/17\/eleicoes-itapetinga-quantos-vereadores-deverao-se-reeleger-em-2024-2\/","title":{"rendered":"ELEI\u00c7\u00d5ES ITAPETINGA | QUANTOS VEREADORES DEVER\u00c3O SE REELEGER EM 2024?"},"content":{"rendered":"<p><img loading=\"lazy\" decoding=\"async\" class=\"alignnone  wp-image-113840\" src=\"https:\/\/www.sudoestehoje.com.br\/novoportal\/wp-content\/uploads\/2023\/11\/camara-virginia-600x338.jpeg\" alt=\"\" width=\"550\" height=\"310\" srcset=\"https:\/\/www.sudoestehoje.com.br\/novoportal\/wp-content\/uploads\/2023\/11\/camara-virginia-600x338.jpeg 600w, https:\/\/www.sudoestehoje.com.br\/novoportal\/wp-content\/uploads\/2023\/11\/camara-virginia-700x394.jpeg 700w, https:\/\/www.sudoestehoje.com.br\/novoportal\/wp-content\/uploads\/2023\/11\/camara-virginia-768x432.jpeg 768w, https:\/\/www.sudoestehoje.com.br\/novoportal\/wp-content\/uploads\/2023\/11\/camara-virginia.jpeg 1280w\" sizes=\"auto, (max-width: 550px) 100vw, 550px\" \/><\/p>\n<p><strong>Com a aproxima\u00e7\u00e3o do per\u00edodo eleitoral, uma pergunta est\u00e1 sendo feita pelos eleitores de Itapetinga, sobre as possibilidades de reelei\u00e7\u00e3o dos atuais vereadores, diante da expectativa, cada vez maior, de renova\u00e7\u00e3o no legislativo municipal.<\/strong><\/p>\n<p><strong>A PERGUNTA QUE N\u00c3O CALA \u00c9: QUANTOS E QUAIS VEREADORES SER\u00c3O REELEITOS PARA UM NOVO MANDATO EM 2024?<\/strong><\/p>\n<p><strong>Nos bastidores da C\u00e2mara, como \u00e9 natural, 100% dos atuais vereadores &#8220;ser\u00e3o reconduzidos aos seus mandatos&#8221;, mas n\u00e3o \u00e9 bem isto que se v\u00ea nas ruas, quando o eleitorado \u00e9 questionado.<\/strong><\/p>\n<p><strong>Para a milit\u00e2ncia dos partidos, tanto de situa\u00e7\u00e3o como de oposi\u00e7\u00e3o, a renova\u00e7\u00e3o deve ser alta, algo entre 60 a 70% das 15 cadeiras do nosso legislativo.<\/strong><\/p>\n<p><strong>Pelo sim, pelo n\u00e3o, os atuais edis precisam botar &#8216;sebo nas caneles&#8217; e mostrar servi\u00e7o, sem esquecer de que &#8216;a fila sempre anda pra a frente&#8217;&#8230;<\/strong><\/p>\n<p><strong>Por Davi Ferraz<\/strong><\/p>\n","protected":false},"excerpt":{"rendered":"<p>Com a aproxima\u00e7\u00e3o do per\u00edodo eleitoral, uma pergunta est\u00e1 sendo feita pelos eleitores de Itapetinga, sobre as possibilidades de reelei\u00e7\u00e3o dos atuais vereadores, diante da expectativa, cada vez maior, de renova\u00e7\u00e3o no legislativo municipal. A PERGUNTA QUE N\u00c3O CALA \u00c9: QUANTOS E QUAIS VEREADORES SER\u00c3O REELEITOS PARA UM NOVO MANDATO EM 2024? Nos bastidores da [&hellip;]<\/p>\n","protected":false},"author":2,"featured_media":113840,"comment_status":"closed","ping_status":"open","sticky":false,"template":"","format":"standard","meta":{"footnotes":"","_links_to":"","_links_to_target":""},"categories":[1],"tags":[],"class_list":["post-113839","post","type-post","status-publish","format-standard","has-post-thumbnail","hentry","category-geral"],"views":660,"_links":{"self":[{"href":"https:\/\/www.sudoestehoje.com.br\/novoportal\/wp-json\/wp\/v2\/posts\/113839","targetHints":{"allow":["GET"]}}],"collection":[{"href":"https:\/\/www.sudoestehoje.com.br\/novoportal\/wp-json\/wp\/v2\/posts"}],"about":[{"href":"https:\/\/www.sudoestehoje.com.br\/novoportal\/wp-json\/wp\/v2\/types\/post"}],"author":[{"embeddable":true,"href":"https:\/\/www.sudoestehoje.com.br\/novoportal\/wp-json\/wp\/v2\/users\/2"}],"replies":[{"embeddable":true,"href":"https:\/\/www.sudoestehoje.com.br\/novoportal\/wp-json\/wp\/v2\/comments?post=113839"}],"version-history":[{"count":1,"href":"https:\/\/www.sudoestehoje.com.br\/novoportal\/wp-json\/wp\/v2\/posts\/113839\/revisions"}],"predecessor-version":[{"id":113841,"href":"https:\/\/www.sudoestehoje.com.br\/novoportal\/wp-json\/wp\/v2\/posts\/113839\/revisions\/113841"}],"wp:featuredmedia":[{"embeddable":true,"href":"https:\/\/www.sudoestehoje.com.br\/novoportal\/wp-json\/wp\/v2\/media\/113840"}],"wp:attachment":[{"href":"https:\/\/www.sudoestehoje.com.br\/novoportal\/wp-json\/wp\/v2\/media?parent=113839"}],"wp:term":[{"taxonomy":"category","embeddable":true,"href":"https:\/\/www.sudoestehoje.com.br\/novoportal\/wp-json\/wp\/v2\/categories?post=113839"},{"taxonomy":"post_tag","embeddable":true,"href":"https:\/\/www.sudoestehoje.com.br\/novoportal\/wp-json\/wp\/v2\/tags?post=113839"}],"curies":[{"name":"wp","href":"https:\/\/api.w.org\/{rel}","templated":true}]}}