
{"id":113831,"date":"2023-11-17T10:10:08","date_gmt":"2023-11-17T13:10:08","guid":{"rendered":"https:\/\/www.sudoestehoje.com.br\/novoportal\/?p=113831"},"modified":"2023-11-17T10:10:08","modified_gmt":"2023-11-17T13:10:08","slug":"com-previsao-de-chuva-fraca-tempo-fica-abafado-em-itapetinga-e-regiao","status":"publish","type":"post","link":"https:\/\/www.sudoestehoje.com.br\/novoportal\/2023\/11\/17\/com-previsao-de-chuva-fraca-tempo-fica-abafado-em-itapetinga-e-regiao\/","title":{"rendered":"COM PREVIS\u00c3O DE CHUVA FRACA, TEMPO FICA ABAFADO EM ITAPETINGA E REGI\u00c3O"},"content":{"rendered":"<p><img loading=\"lazy\" decoding=\"async\" class=\"alignnone  wp-image-113832\" src=\"https:\/\/www.sudoestehoje.com.br\/novoportal\/wp-content\/uploads\/2023\/11\/chove-600x338.jpg\" alt=\"\" width=\"550\" height=\"310\" srcset=\"https:\/\/www.sudoestehoje.com.br\/novoportal\/wp-content\/uploads\/2023\/11\/chove-600x338.jpg 600w, https:\/\/www.sudoestehoje.com.br\/novoportal\/wp-content\/uploads\/2023\/11\/chove-700x394.jpg 700w, https:\/\/www.sudoestehoje.com.br\/novoportal\/wp-content\/uploads\/2023\/11\/chove-768x432.jpg 768w, https:\/\/www.sudoestehoje.com.br\/novoportal\/wp-content\/uploads\/2023\/11\/chove-1536x865.jpg 1536w, https:\/\/www.sudoestehoje.com.br\/novoportal\/wp-content\/uploads\/2023\/11\/chove.jpg 1600w\" sizes=\"auto, (max-width: 550px) 100vw, 550px\" \/><\/p>\n<p><strong>O calor intenso dos \u00faltimos dias em Itapetinga e todo o M\u00e9dio Sudoeste da Bahia, parece n\u00e3o querer dar tr\u00e9gua e as temperatura devem continuar elevadas neste m\u00eas de novembro, segundo as previs\u00f5es.<\/strong><\/p>\n<p><strong>Se chover, o que \u00e9 pouco prov\u00e1vel, ser\u00e3o pancadas r\u00e1pidas de, no m\u00e1ximo, 5mm, de acordo com as previs\u00f5es meteorol\u00f3gicas dos institutos especializados.<\/strong><\/p>\n<p><strong>Na &#8216;Capital da Pecu\u00e1ria Baiana&#8217;, o tempo amanheceu abafado nesta sexta-feira (17), com c\u00e9u encoberto de nuvens, na parte da manh\u00e3.<\/strong><\/p>\n<p><strong>Tem previs\u00e3o de chuva r\u00e1pida na parte da tarde e \u00e0 noite.<\/strong><\/p>\n<p><strong>Ser\u00e1 que chove? Vamos torcer&#8230;<\/strong><\/p>\n<p><strong>Por Davi Ferraz<\/strong><\/p>\n","protected":false},"excerpt":{"rendered":"<p>O calor intenso dos \u00faltimos dias em Itapetinga e todo o M\u00e9dio Sudoeste da Bahia, parece n\u00e3o querer dar tr\u00e9gua e as temperatura devem continuar elevadas neste m\u00eas de novembro, segundo as previs\u00f5es. Se chover, o que \u00e9 pouco prov\u00e1vel, ser\u00e3o pancadas r\u00e1pidas de, no m\u00e1ximo, 5mm, de acordo com as previs\u00f5es meteorol\u00f3gicas dos institutos [&hellip;]<\/p>\n","protected":false},"author":2,"featured_media":113832,"comment_status":"closed","ping_status":"open","sticky":false,"template":"","format":"standard","meta":{"footnotes":"","_links_to":"","_links_to_target":""},"categories":[1],"tags":[],"class_list":["post-113831","post","type-post","status-publish","format-standard","has-post-thumbnail","hentry","category-geral"],"views":1190,"_links":{"self":[{"href":"https:\/\/www.sudoestehoje.com.br\/novoportal\/wp-json\/wp\/v2\/posts\/113831","targetHints":{"allow":["GET"]}}],"collection":[{"href":"https:\/\/www.sudoestehoje.com.br\/novoportal\/wp-json\/wp\/v2\/posts"}],"about":[{"href":"https:\/\/www.sudoestehoje.com.br\/novoportal\/wp-json\/wp\/v2\/types\/post"}],"author":[{"embeddable":true,"href":"https:\/\/www.sudoestehoje.com.br\/novoportal\/wp-json\/wp\/v2\/users\/2"}],"replies":[{"embeddable":true,"href":"https:\/\/www.sudoestehoje.com.br\/novoportal\/wp-json\/wp\/v2\/comments?post=113831"}],"version-history":[{"count":1,"href":"https:\/\/www.sudoestehoje.com.br\/novoportal\/wp-json\/wp\/v2\/posts\/113831\/revisions"}],"predecessor-version":[{"id":113833,"href":"https:\/\/www.sudoestehoje.com.br\/novoportal\/wp-json\/wp\/v2\/posts\/113831\/revisions\/113833"}],"wp:featuredmedia":[{"embeddable":true,"href":"https:\/\/www.sudoestehoje.com.br\/novoportal\/wp-json\/wp\/v2\/media\/113832"}],"wp:attachment":[{"href":"https:\/\/www.sudoestehoje.com.br\/novoportal\/wp-json\/wp\/v2\/media?parent=113831"}],"wp:term":[{"taxonomy":"category","embeddable":true,"href":"https:\/\/www.sudoestehoje.com.br\/novoportal\/wp-json\/wp\/v2\/categories?post=113831"},{"taxonomy":"post_tag","embeddable":true,"href":"https:\/\/www.sudoestehoje.com.br\/novoportal\/wp-json\/wp\/v2\/tags?post=113831"}],"curies":[{"name":"wp","href":"https:\/\/api.w.org\/{rel}","templated":true}]}}