
{"id":113823,"date":"2023-11-17T08:59:05","date_gmt":"2023-11-17T11:59:05","guid":{"rendered":"https:\/\/www.sudoestehoje.com.br\/novoportal\/?p=113823"},"modified":"2023-11-17T09:42:42","modified_gmt":"2023-11-17T12:42:42","slug":"deputado-sergio-brito-deixa-secretaria-de-infraestrutura-e-chefe-de-gabinete-assume","status":"publish","type":"post","link":"https:\/\/www.sudoestehoje.com.br\/novoportal\/2023\/11\/17\/deputado-sergio-brito-deixa-secretaria-de-infraestrutura-e-chefe-de-gabinete-assume\/","title":{"rendered":"DEPUTADO S\u00c9RGIO BRITO DEIXA SECRETARIA DE INFRAESTRUTURA E CHEFE DE GABINETE ASSUME"},"content":{"rendered":"<p><img loading=\"lazy\" decoding=\"async\" class=\"alignnone wp-image-113824\" src=\"https:\/\/www.sudoestehoje.com.br\/novoportal\/wp-content\/uploads\/2023\/11\/IMAGEM_NOTICIA_9-4-600x315.webp\" alt=\"\" width=\"550\" height=\"289\" srcset=\"https:\/\/www.sudoestehoje.com.br\/novoportal\/wp-content\/uploads\/2023\/11\/IMAGEM_NOTICIA_9-4-600x315.webp 600w, https:\/\/www.sudoestehoje.com.br\/novoportal\/wp-content\/uploads\/2023\/11\/IMAGEM_NOTICIA_9-4-700x368.webp 700w, https:\/\/www.sudoestehoje.com.br\/novoportal\/wp-content\/uploads\/2023\/11\/IMAGEM_NOTICIA_9-4-768x403.webp 768w, https:\/\/www.sudoestehoje.com.br\/novoportal\/wp-content\/uploads\/2023\/11\/IMAGEM_NOTICIA_9-4.webp 1200w\" sizes=\"auto, (max-width: 550px) 100vw, 550px\" \/><\/p>\n<p><strong>O secret\u00e1rio de Infraestrutura da Bahia, S\u00e9rgio Brito, foi exonerado do cargo. A medida consta na edi\u00e7\u00e3o desta sexta-feira (17) do Di\u00e1rio Oficial do Estado.\u00a0<\/strong><\/p>\n<p><strong>Em seu lugar assume o cargo cumulativamente o chefe de gabinete Francisco Alfredo Marc\u00edlio de Sousa Miranda.\u00a0<\/strong><\/p>\n<p><strong>O motivo do afastamento do secret\u00e1rio foi para tratar de emendas parlamentares. Brito \u00e9 deputado federal licenciado filiado ao PSD e retornar\u00e1 ao posto assim que as quest\u00f5es burocr\u00e1ticas que envolvem a quest\u00e3o foram resolvidas.\u00a0<\/strong><\/p>\n","protected":false},"excerpt":{"rendered":"<p>O secret\u00e1rio de Infraestrutura da Bahia, S\u00e9rgio Brito, foi exonerado do cargo. A medida consta na edi\u00e7\u00e3o desta sexta-feira (17) do Di\u00e1rio Oficial do Estado.\u00a0 Em seu lugar assume o cargo cumulativamente o chefe de gabinete Francisco Alfredo Marc\u00edlio de Sousa Miranda.\u00a0 O motivo do afastamento do secret\u00e1rio foi para tratar de emendas parlamentares. Brito [&hellip;]<\/p>\n","protected":false},"author":2,"featured_media":113824,"comment_status":"closed","ping_status":"open","sticky":false,"template":"","format":"standard","meta":{"footnotes":"","_links_to":"","_links_to_target":""},"categories":[1],"tags":[],"class_list":["post-113823","post","type-post","status-publish","format-standard","has-post-thumbnail","hentry","category-geral"],"views":797,"_links":{"self":[{"href":"https:\/\/www.sudoestehoje.com.br\/novoportal\/wp-json\/wp\/v2\/posts\/113823","targetHints":{"allow":["GET"]}}],"collection":[{"href":"https:\/\/www.sudoestehoje.com.br\/novoportal\/wp-json\/wp\/v2\/posts"}],"about":[{"href":"https:\/\/www.sudoestehoje.com.br\/novoportal\/wp-json\/wp\/v2\/types\/post"}],"author":[{"embeddable":true,"href":"https:\/\/www.sudoestehoje.com.br\/novoportal\/wp-json\/wp\/v2\/users\/2"}],"replies":[{"embeddable":true,"href":"https:\/\/www.sudoestehoje.com.br\/novoportal\/wp-json\/wp\/v2\/comments?post=113823"}],"version-history":[{"count":2,"href":"https:\/\/www.sudoestehoje.com.br\/novoportal\/wp-json\/wp\/v2\/posts\/113823\/revisions"}],"predecessor-version":[{"id":113826,"href":"https:\/\/www.sudoestehoje.com.br\/novoportal\/wp-json\/wp\/v2\/posts\/113823\/revisions\/113826"}],"wp:featuredmedia":[{"embeddable":true,"href":"https:\/\/www.sudoestehoje.com.br\/novoportal\/wp-json\/wp\/v2\/media\/113824"}],"wp:attachment":[{"href":"https:\/\/www.sudoestehoje.com.br\/novoportal\/wp-json\/wp\/v2\/media?parent=113823"}],"wp:term":[{"taxonomy":"category","embeddable":true,"href":"https:\/\/www.sudoestehoje.com.br\/novoportal\/wp-json\/wp\/v2\/categories?post=113823"},{"taxonomy":"post_tag","embeddable":true,"href":"https:\/\/www.sudoestehoje.com.br\/novoportal\/wp-json\/wp\/v2\/tags?post=113823"}],"curies":[{"name":"wp","href":"https:\/\/api.w.org\/{rel}","templated":true}]}}