
{"id":113810,"date":"2023-11-16T10:05:25","date_gmt":"2023-11-16T13:05:25","guid":{"rendered":"https:\/\/www.sudoestehoje.com.br\/novoportal\/?p=113810"},"modified":"2023-11-16T10:05:25","modified_gmt":"2023-11-16T13:05:25","slug":"olha-o-rombo-estatais-brasileiras-devem-fechar-2023-com-deficit-de-r-6-bilhoes","status":"publish","type":"post","link":"https:\/\/www.sudoestehoje.com.br\/novoportal\/2023\/11\/16\/olha-o-rombo-estatais-brasileiras-devem-fechar-2023-com-deficit-de-r-6-bilhoes\/","title":{"rendered":"OLHA O ROMBO | ESTATAIS BRASILEIRAS DEVEM FECHAR 2023 COM D\u00c9FICIT DE R$ 6 BILH\u00d5ES"},"content":{"rendered":"<p><img loading=\"lazy\" decoding=\"async\" class=\"alignnone  wp-image-113812\" src=\"https:\/\/www.sudoestehoje.com.br\/novoportal\/wp-content\/uploads\/2023\/11\/Estatais.jpg\" alt=\"\" width=\"550\" height=\"309\" \/><\/p>\n<p><strong>Pela primeira vez em oito anos, as empresas estatais brasileiras devem fechar 2023 com um rombo de quase R$ 6 bilh\u00f5es, e o Tesouro Nacional pode ter que cobrir esse d\u00e9ficit.<\/strong><\/p>\n<div><strong>Nos \u00faltimos cinco anos, as estatais tiveram super\u00e1vits. Em 2020 foi a \u00fanica exce\u00e7\u00e3o, por conta da pandemia da covid, fecharam com d\u00e9ficit de R$ 600 milh\u00f5es. As estatais registraram um resultado positivo de R$ 3 bilh\u00f5es em 2021. No ano anterior tamb\u00e9m, quase R$ 5 bilh\u00f5es. No entanto, de acordo com os dados do Banco Central, de 2012 e 2017, elas fecharam no vermelho.\u00a0\u00a0<\/strong><\/div>\n<div><\/div>\n<div><strong>Durante os anos seguintes, o super\u00e1vit foi mantido por meio de contribui\u00e7\u00f5es do governo. Em 2018, a gest\u00e3o do ent\u00e3o presidente Michel Temer injetou R$ 5 bilh\u00f5es no caixa das estatais e no governo Jair Bolsonaro, foram R$ 10 bilh\u00f5es, segundo o Tesouro Nacional.\u00a0<\/strong><\/div>\n<div><\/div>\n<div><strong>\u201cEsse aporte das estatais ajudou no super\u00e1vit das estatais, porque no fundo saiu do bolso do governo federal, e entrou no bolso das estatais. Ent\u00e3o ajudou, aumentou o d\u00e9ficit do governo federal, mas reduziu das estatais\u201d, explica Gabriel Leal de Barros, economista da Rio Asset. \/\/Com informa\u00e7\u00f5es do G1.<\/strong><\/div>\n","protected":false},"excerpt":{"rendered":"<p>Pela primeira vez em oito anos, as empresas estatais brasileiras devem fechar 2023 com um rombo de quase R$ 6 bilh\u00f5es, e o Tesouro Nacional pode ter que cobrir esse d\u00e9ficit. Nos \u00faltimos cinco anos, as estatais tiveram super\u00e1vits. Em 2020 foi a \u00fanica exce\u00e7\u00e3o, por conta da pandemia da covid, fecharam com d\u00e9ficit de [&hellip;]<\/p>\n","protected":false},"author":2,"featured_media":113812,"comment_status":"closed","ping_status":"open","sticky":false,"template":"","format":"standard","meta":{"footnotes":"","_links_to":"","_links_to_target":""},"categories":[1],"tags":[],"class_list":["post-113810","post","type-post","status-publish","format-standard","has-post-thumbnail","hentry","category-geral"],"views":747,"_links":{"self":[{"href":"https:\/\/www.sudoestehoje.com.br\/novoportal\/wp-json\/wp\/v2\/posts\/113810","targetHints":{"allow":["GET"]}}],"collection":[{"href":"https:\/\/www.sudoestehoje.com.br\/novoportal\/wp-json\/wp\/v2\/posts"}],"about":[{"href":"https:\/\/www.sudoestehoje.com.br\/novoportal\/wp-json\/wp\/v2\/types\/post"}],"author":[{"embeddable":true,"href":"https:\/\/www.sudoestehoje.com.br\/novoportal\/wp-json\/wp\/v2\/users\/2"}],"replies":[{"embeddable":true,"href":"https:\/\/www.sudoestehoje.com.br\/novoportal\/wp-json\/wp\/v2\/comments?post=113810"}],"version-history":[{"count":3,"href":"https:\/\/www.sudoestehoje.com.br\/novoportal\/wp-json\/wp\/v2\/posts\/113810\/revisions"}],"predecessor-version":[{"id":113814,"href":"https:\/\/www.sudoestehoje.com.br\/novoportal\/wp-json\/wp\/v2\/posts\/113810\/revisions\/113814"}],"wp:featuredmedia":[{"embeddable":true,"href":"https:\/\/www.sudoestehoje.com.br\/novoportal\/wp-json\/wp\/v2\/media\/113812"}],"wp:attachment":[{"href":"https:\/\/www.sudoestehoje.com.br\/novoportal\/wp-json\/wp\/v2\/media?parent=113810"}],"wp:term":[{"taxonomy":"category","embeddable":true,"href":"https:\/\/www.sudoestehoje.com.br\/novoportal\/wp-json\/wp\/v2\/categories?post=113810"},{"taxonomy":"post_tag","embeddable":true,"href":"https:\/\/www.sudoestehoje.com.br\/novoportal\/wp-json\/wp\/v2\/tags?post=113810"}],"curies":[{"name":"wp","href":"https:\/\/api.w.org\/{rel}","templated":true}]}}