
{"id":113806,"date":"2023-11-15T22:19:41","date_gmt":"2023-11-16T01:19:41","guid":{"rendered":"https:\/\/www.sudoestehoje.com.br\/novoportal\/?p=113806"},"modified":"2023-11-15T22:19:41","modified_gmt":"2023-11-16T01:19:41","slug":"polemica-motoristas-de-uber-protestam-em-frente-a-rede-bahia-apos-comentario-de-jessica-senra-no-bahia-meio-dia","status":"publish","type":"post","link":"https:\/\/www.sudoestehoje.com.br\/novoportal\/2023\/11\/15\/polemica-motoristas-de-uber-protestam-em-frente-a-rede-bahia-apos-comentario-de-jessica-senra-no-bahia-meio-dia\/","title":{"rendered":"POL\u00caMICA | MOTORISTAS DE UBER PROTESTAM EM FRENTE \u00c0 REDE BAHIA AP\u00d3S COMENT\u00c1RIO DE J\u00c9SSICA SENRA NO BAHIA MEIO DIA"},"content":{"rendered":"<p><img loading=\"lazy\" decoding=\"async\" class=\"alignnone  wp-image-113808\" src=\"https:\/\/www.sudoestehoje.com.br\/novoportal\/wp-content\/uploads\/2023\/11\/JessicaSenraBameiodia-600x315.jpg\" alt=\"\" width=\"550\" height=\"289\" srcset=\"https:\/\/www.sudoestehoje.com.br\/novoportal\/wp-content\/uploads\/2023\/11\/JessicaSenraBameiodia-600x315.jpg 600w, https:\/\/www.sudoestehoje.com.br\/novoportal\/wp-content\/uploads\/2023\/11\/JessicaSenraBameiodia-700x368.jpg 700w, https:\/\/www.sudoestehoje.com.br\/novoportal\/wp-content\/uploads\/2023\/11\/JessicaSenraBameiodia.jpg 720w\" sizes=\"auto, (max-width: 550px) 100vw, 550px\" \/><\/p>\n<p><strong>Motoristas da plataforma de aplicativo Uber se reuniram por volta das 10h30 desta quarta-feira (15) para um protesto na porta da Rede Bahia, ap\u00f3s um coment\u00e1rio feito pela apresentadora Jessica Senra durante a condu\u00e7\u00e3o do Bahia Meio Dia, na \u00faltima ter\u00e7a-feira (14).<\/strong><\/p>\n<p><strong>Informa\u00e7\u00f5es\u00a0d\u00e3o conta de que a rua ficou fechada pela interven\u00e7\u00e3o dos motoristas.\u00a0<\/strong><\/p>\n<p><strong>O protesto teria como motiva\u00e7\u00e3o o discurso feito pela apresentadora do Bahia Meio Dia na \u00faltima ter\u00e7a-feira (14), ap\u00f3s a pris\u00e3o de um novo motorista suspeito de aplicar golpes e realizar sequestros utilizando o aplicativo de transporte. Ao vivo, a jornalista questionou as medidas de seguran\u00e7a da Uber, al\u00e9m de pedir uma interven\u00e7\u00e3o da Prefeitura de Salvador no servi\u00e7o prestado pela plataforma.\u00a0<\/strong><\/p>\n<p><strong>&#8220;Eu acho que o que a gente precisa agora \u00e9 de uma orienta\u00e7\u00e3o para esta plataforma de aplicativo. De que maneira voc\u00eas garantem a seguran\u00e7a dos seus passageiros e das suas passageiras? O aplicativo tem a obriga\u00e7\u00e3o de garantir a nossa seguran\u00e7a&#8221;, disse a jornalista, que ainda criticou o posicionamento da empresa.\u00a0<\/strong><\/p>\n<p><strong>A revolta teria sido gerada pelo conselho dado pela \u00e2ncora do Bahia Meio Dia, que disse: &#8220;A orienta\u00e7\u00e3o que eu dou para as mulheres, me desculpem, \u00e9 n\u00e3o pegue esse aplicativo sozinha. Infelizmente. Eu, particularmente, n\u00e3o pego carro por aplicativo sozinha. Entendo que sejam mais baratas as corridas, do que t\u00e1xi, por exemplo, mas eu n\u00e3o arrisco a minha vida em uma plataforma como essa&#8221;.<\/strong><\/p>\n","protected":false},"excerpt":{"rendered":"<p>Motoristas da plataforma de aplicativo Uber se reuniram por volta das 10h30 desta quarta-feira (15) para um protesto na porta da Rede Bahia, ap\u00f3s um coment\u00e1rio feito pela apresentadora Jessica Senra durante a condu\u00e7\u00e3o do Bahia Meio Dia, na \u00faltima ter\u00e7a-feira (14). Informa\u00e7\u00f5es\u00a0d\u00e3o conta de que a rua ficou fechada pela interven\u00e7\u00e3o dos motoristas.\u00a0 O [&hellip;]<\/p>\n","protected":false},"author":2,"featured_media":113808,"comment_status":"closed","ping_status":"open","sticky":false,"template":"","format":"standard","meta":{"footnotes":"","_links_to":"","_links_to_target":""},"categories":[1],"tags":[],"class_list":["post-113806","post","type-post","status-publish","format-standard","has-post-thumbnail","hentry","category-geral"],"views":1037,"_links":{"self":[{"href":"https:\/\/www.sudoestehoje.com.br\/novoportal\/wp-json\/wp\/v2\/posts\/113806","targetHints":{"allow":["GET"]}}],"collection":[{"href":"https:\/\/www.sudoestehoje.com.br\/novoportal\/wp-json\/wp\/v2\/posts"}],"about":[{"href":"https:\/\/www.sudoestehoje.com.br\/novoportal\/wp-json\/wp\/v2\/types\/post"}],"author":[{"embeddable":true,"href":"https:\/\/www.sudoestehoje.com.br\/novoportal\/wp-json\/wp\/v2\/users\/2"}],"replies":[{"embeddable":true,"href":"https:\/\/www.sudoestehoje.com.br\/novoportal\/wp-json\/wp\/v2\/comments?post=113806"}],"version-history":[{"count":2,"href":"https:\/\/www.sudoestehoje.com.br\/novoportal\/wp-json\/wp\/v2\/posts\/113806\/revisions"}],"predecessor-version":[{"id":113809,"href":"https:\/\/www.sudoestehoje.com.br\/novoportal\/wp-json\/wp\/v2\/posts\/113806\/revisions\/113809"}],"wp:featuredmedia":[{"embeddable":true,"href":"https:\/\/www.sudoestehoje.com.br\/novoportal\/wp-json\/wp\/v2\/media\/113808"}],"wp:attachment":[{"href":"https:\/\/www.sudoestehoje.com.br\/novoportal\/wp-json\/wp\/v2\/media?parent=113806"}],"wp:term":[{"taxonomy":"category","embeddable":true,"href":"https:\/\/www.sudoestehoje.com.br\/novoportal\/wp-json\/wp\/v2\/categories?post=113806"},{"taxonomy":"post_tag","embeddable":true,"href":"https:\/\/www.sudoestehoje.com.br\/novoportal\/wp-json\/wp\/v2\/tags?post=113806"}],"curies":[{"name":"wp","href":"https:\/\/api.w.org\/{rel}","templated":true}]}}