
{"id":113800,"date":"2023-11-15T21:45:16","date_gmt":"2023-11-16T00:45:16","guid":{"rendered":"https:\/\/www.sudoestehoje.com.br\/novoportal\/?p=113800"},"modified":"2023-11-15T21:51:31","modified_gmt":"2023-11-16T00:51:31","slug":"itapetinga-onda-de-calor-e-falta-de-chuvas-preocupam-produtores-rurais","status":"publish","type":"post","link":"https:\/\/www.sudoestehoje.com.br\/novoportal\/2023\/11\/15\/itapetinga-onda-de-calor-e-falta-de-chuvas-preocupam-produtores-rurais\/","title":{"rendered":"ITAPETINGA | ONDA DE CALOR E FALTA DE CHUVAS PREOCUPAM PRODUTORES RURAIS DA REGI\u00c3O"},"content":{"rendered":"<p><img loading=\"lazy\" decoding=\"async\" class=\"alignnone wp-image-113802\" src=\"https:\/\/www.sudoestehoje.com.br\/novoportal\/wp-content\/uploads\/2023\/11\/seca-1-1.jpg\" alt=\"\" width=\"549\" height=\"377\" \/><\/p>\n<p><strong>Com economia baseada na agropecu\u00e1ria, Itapetinga e regi\u00e3o vivem um<\/strong><strong>\u00a0momento de grande apreens\u00e3o, devido a onda de calor e o atraso das &#8216;chuvas das \u00e1guas&#8217;, t\u00e3o esperadas desde o in\u00edcio de outubro.<\/strong><\/p>\n<p><strong>O aumento das temperaturas e a diminui\u00e7\u00e3o da umidade podem antecipar um per\u00edodo de seca, comprometendo as pastagens, com j\u00e1 ocorreu no passado, com a perda de grande parte do rebanho bovino em toda a regi\u00e3o.\u00a0\u00a0<\/strong><\/p>\n<p><strong>H\u00e1 previs\u00f5es de pancadas de chuvas a partir desta quarta-feira (15) \u00e0 noite, segundo o Climatempo.<\/strong><\/p>\n<p><strong>J\u00e1 passou da hora&#8230;<\/strong><\/p>\n<p><strong>Por Davi Ferraz<\/strong><\/p>\n","protected":false},"excerpt":{"rendered":"<p>Com economia baseada na agropecu\u00e1ria, Itapetinga e regi\u00e3o vivem um\u00a0momento de grande apreens\u00e3o, devido a onda de calor e o atraso das &#8216;chuvas das \u00e1guas&#8217;, t\u00e3o esperadas desde o in\u00edcio de outubro. O aumento das temperaturas e a diminui\u00e7\u00e3o da umidade podem antecipar um per\u00edodo de seca, comprometendo as pastagens, com j\u00e1 ocorreu no passado, [&hellip;]<\/p>\n","protected":false},"author":2,"featured_media":113801,"comment_status":"closed","ping_status":"open","sticky":false,"template":"","format":"standard","meta":{"footnotes":"","_links_to":"","_links_to_target":""},"categories":[15,1],"tags":[],"class_list":["post-113800","post","type-post","status-publish","format-standard","has-post-thumbnail","hentry","category-comentarios-das-quentinhas","category-geral"],"views":1275,"_links":{"self":[{"href":"https:\/\/www.sudoestehoje.com.br\/novoportal\/wp-json\/wp\/v2\/posts\/113800","targetHints":{"allow":["GET"]}}],"collection":[{"href":"https:\/\/www.sudoestehoje.com.br\/novoportal\/wp-json\/wp\/v2\/posts"}],"about":[{"href":"https:\/\/www.sudoestehoje.com.br\/novoportal\/wp-json\/wp\/v2\/types\/post"}],"author":[{"embeddable":true,"href":"https:\/\/www.sudoestehoje.com.br\/novoportal\/wp-json\/wp\/v2\/users\/2"}],"replies":[{"embeddable":true,"href":"https:\/\/www.sudoestehoje.com.br\/novoportal\/wp-json\/wp\/v2\/comments?post=113800"}],"version-history":[{"count":3,"href":"https:\/\/www.sudoestehoje.com.br\/novoportal\/wp-json\/wp\/v2\/posts\/113800\/revisions"}],"predecessor-version":[{"id":113805,"href":"https:\/\/www.sudoestehoje.com.br\/novoportal\/wp-json\/wp\/v2\/posts\/113800\/revisions\/113805"}],"wp:featuredmedia":[{"embeddable":true,"href":"https:\/\/www.sudoestehoje.com.br\/novoportal\/wp-json\/wp\/v2\/media\/113801"}],"wp:attachment":[{"href":"https:\/\/www.sudoestehoje.com.br\/novoportal\/wp-json\/wp\/v2\/media?parent=113800"}],"wp:term":[{"taxonomy":"category","embeddable":true,"href":"https:\/\/www.sudoestehoje.com.br\/novoportal\/wp-json\/wp\/v2\/categories?post=113800"},{"taxonomy":"post_tag","embeddable":true,"href":"https:\/\/www.sudoestehoje.com.br\/novoportal\/wp-json\/wp\/v2\/tags?post=113800"}],"curies":[{"name":"wp","href":"https:\/\/api.w.org\/{rel}","templated":true}]}}