
{"id":11380,"date":"2011-12-21T20:07:30","date_gmt":"2011-12-21T23:07:30","guid":{"rendered":"http:\/\/www.sudoestehoje.com.br\/novoportal\/?p=11380"},"modified":"2011-12-21T20:07:30","modified_gmt":"2011-12-21T23:07:30","slug":"viva-a-justica","status":"publish","type":"post","link":"https:\/\/www.sudoestehoje.com.br\/novoportal\/2011\/12\/21\/viva-a-justica\/","title":{"rendered":"VIVA A JUSTI\u00c7A!"},"content":{"rendered":"<p><img decoding=\"async\" src=\"http:\/\/www.mises.org.br\/images\/articles\/2009\/Maio\/imagem%20justi%C3%A7a.jpg\" alt=\"\" width=\"160\" \/><\/p>\n<p>A decis\u00e3o que acaba de ser tomada pela Justi\u00e7a do Trabalho, tornando sem efeito as 1.800 demiss\u00f5es da Azal\u00e9ia, n\u00e3o contou com a intermedia\u00e7\u00e3o de nenhum pol\u00edtico. A liminar foi concedida a pedido do Minist\u00e9rio P\u00fablico do Trabalho, que ingressou com a\u00e7\u00e3o Civil P\u00fablica. \u00c9 bom que fique bem claro, antes que o locutor oficial da prefeitura diga que foi o prefeito Z\u00e9 Carlos e Rosemberg Pinto que fizeram o milagre de &#8216;salvar&#8217; os empregos dos trabalhadores da Azal\u00e9ia. T\u00e1 avisado!<\/p>\n","protected":false},"excerpt":{"rendered":"<p>A decis\u00e3o que acaba de ser tomada pela Justi\u00e7a do Trabalho, tornando sem efeito as 1.800 demiss\u00f5es da Azal\u00e9ia, n\u00e3o contou com a intermedia\u00e7\u00e3o de nenhum pol\u00edtico. A liminar foi concedida a pedido do Minist\u00e9rio P\u00fablico do Trabalho, que ingressou com a\u00e7\u00e3o Civil P\u00fablica. \u00c9 bom que fique bem claro, antes que o locutor oficial [&hellip;]<\/p>\n","protected":false},"author":2,"featured_media":0,"comment_status":"open","ping_status":"open","sticky":false,"template":"","format":"standard","meta":{"footnotes":"","_links_to":"","_links_to_target":""},"categories":[11],"tags":[],"class_list":["post-11380","post","type-post","status-publish","format-standard","hentry","category-quentinhas"],"views":1026,"_links":{"self":[{"href":"https:\/\/www.sudoestehoje.com.br\/novoportal\/wp-json\/wp\/v2\/posts\/11380","targetHints":{"allow":["GET"]}}],"collection":[{"href":"https:\/\/www.sudoestehoje.com.br\/novoportal\/wp-json\/wp\/v2\/posts"}],"about":[{"href":"https:\/\/www.sudoestehoje.com.br\/novoportal\/wp-json\/wp\/v2\/types\/post"}],"author":[{"embeddable":true,"href":"https:\/\/www.sudoestehoje.com.br\/novoportal\/wp-json\/wp\/v2\/users\/2"}],"replies":[{"embeddable":true,"href":"https:\/\/www.sudoestehoje.com.br\/novoportal\/wp-json\/wp\/v2\/comments?post=11380"}],"version-history":[{"count":2,"href":"https:\/\/www.sudoestehoje.com.br\/novoportal\/wp-json\/wp\/v2\/posts\/11380\/revisions"}],"predecessor-version":[{"id":11382,"href":"https:\/\/www.sudoestehoje.com.br\/novoportal\/wp-json\/wp\/v2\/posts\/11380\/revisions\/11382"}],"wp:attachment":[{"href":"https:\/\/www.sudoestehoje.com.br\/novoportal\/wp-json\/wp\/v2\/media?parent=11380"}],"wp:term":[{"taxonomy":"category","embeddable":true,"href":"https:\/\/www.sudoestehoje.com.br\/novoportal\/wp-json\/wp\/v2\/categories?post=11380"},{"taxonomy":"post_tag","embeddable":true,"href":"https:\/\/www.sudoestehoje.com.br\/novoportal\/wp-json\/wp\/v2\/tags?post=11380"}],"curies":[{"name":"wp","href":"https:\/\/api.w.org\/{rel}","templated":true}]}}