
{"id":113796,"date":"2023-11-14T09:19:34","date_gmt":"2023-11-14T12:19:34","guid":{"rendered":"https:\/\/www.sudoestehoje.com.br\/novoportal\/?p=113796"},"modified":"2023-11-14T09:19:34","modified_gmt":"2023-11-14T12:19:34","slug":"mulher-que-cortou-rosto-de-itabunense-em-onibus-e-presa-em-sao-paulo","status":"publish","type":"post","link":"https:\/\/www.sudoestehoje.com.br\/novoportal\/2023\/11\/14\/mulher-que-cortou-rosto-de-itabunense-em-onibus-e-presa-em-sao-paulo\/","title":{"rendered":"MULHER QUE CORTOU ROSTO DE ITABUNENSE EM \u00d4NIBUS \u00c9 PRESA EM S\u00c3O PAULO"},"content":{"rendered":"<p><img loading=\"lazy\" decoding=\"async\" class=\"alignnone  wp-image-113797\" src=\"https:\/\/www.sudoestehoje.com.br\/novoportal\/wp-content\/uploads\/2023\/11\/Sem-titulo-30-1-1-600x337.jpeg\" alt=\"\" width=\"550\" height=\"309\" srcset=\"https:\/\/www.sudoestehoje.com.br\/novoportal\/wp-content\/uploads\/2023\/11\/Sem-titulo-30-1-1-600x337.jpeg 600w, https:\/\/www.sudoestehoje.com.br\/novoportal\/wp-content\/uploads\/2023\/11\/Sem-titulo-30-1-1-700x393.jpeg 700w, https:\/\/www.sudoestehoje.com.br\/novoportal\/wp-content\/uploads\/2023\/11\/Sem-titulo-30-1-1-768x431.jpeg 768w, https:\/\/www.sudoestehoje.com.br\/novoportal\/wp-content\/uploads\/2023\/11\/Sem-titulo-30-1-1.jpeg 795w\" sizes=\"auto, (max-width: 550px) 100vw, 550px\" \/><\/p>\n<p><strong>Policiais civis de S\u00e3o Paulo prenderam, neste domingo (12), a mulher suspeita de cortar o rosto de uma jovem durante viagem \u00f4nibus, na Bahia, em novembro do ano passado. Edrilza de Lima Nascimento foi localizada na zona norte da capital paulista, ap\u00f3s uma den\u00fancia \u00e0 Pol\u00edcia daquele estado.<\/strong><\/p>\n<p><strong>A v\u00edtima foi a estudante itabunense Stefani Firmo, de 23 anos, atacada enquanto dormia na cadeira em frente \u00e0 da suspeita, na madrugada de 29 de novembro de 2022. Ela viajava de Salvador para Recife e conta que, na cidade de Conde, acordou sentindo o rosto ardendo. Na sequ\u00eancia, viu que estava toda suja de sangue. Ap\u00f3s a ocorr\u00eancia, os policias apreenderam uma faca com Edrilza, mas n\u00e3o a prenderam.<\/strong><\/p>\n<p><strong>O caso chegou a ser registrado como agress\u00e3o leve, por\u00e9m, com base em per\u00edcia m\u00e9dica, a Pol\u00edcia autuou a suspeita por les\u00e3o grave e pediu a sua pris\u00e3o preventiva.<\/strong><\/p>\n","protected":false},"excerpt":{"rendered":"<p>Policiais civis de S\u00e3o Paulo prenderam, neste domingo (12), a mulher suspeita de cortar o rosto de uma jovem durante viagem \u00f4nibus, na Bahia, em novembro do ano passado. Edrilza de Lima Nascimento foi localizada na zona norte da capital paulista, ap\u00f3s uma den\u00fancia \u00e0 Pol\u00edcia daquele estado. A v\u00edtima foi a estudante itabunense Stefani [&hellip;]<\/p>\n","protected":false},"author":2,"featured_media":113797,"comment_status":"closed","ping_status":"open","sticky":false,"template":"","format":"standard","meta":{"footnotes":"","_links_to":"","_links_to_target":""},"categories":[1],"tags":[],"class_list":["post-113796","post","type-post","status-publish","format-standard","has-post-thumbnail","hentry","category-geral"],"views":1205,"_links":{"self":[{"href":"https:\/\/www.sudoestehoje.com.br\/novoportal\/wp-json\/wp\/v2\/posts\/113796","targetHints":{"allow":["GET"]}}],"collection":[{"href":"https:\/\/www.sudoestehoje.com.br\/novoportal\/wp-json\/wp\/v2\/posts"}],"about":[{"href":"https:\/\/www.sudoestehoje.com.br\/novoportal\/wp-json\/wp\/v2\/types\/post"}],"author":[{"embeddable":true,"href":"https:\/\/www.sudoestehoje.com.br\/novoportal\/wp-json\/wp\/v2\/users\/2"}],"replies":[{"embeddable":true,"href":"https:\/\/www.sudoestehoje.com.br\/novoportal\/wp-json\/wp\/v2\/comments?post=113796"}],"version-history":[{"count":1,"href":"https:\/\/www.sudoestehoje.com.br\/novoportal\/wp-json\/wp\/v2\/posts\/113796\/revisions"}],"predecessor-version":[{"id":113798,"href":"https:\/\/www.sudoestehoje.com.br\/novoportal\/wp-json\/wp\/v2\/posts\/113796\/revisions\/113798"}],"wp:featuredmedia":[{"embeddable":true,"href":"https:\/\/www.sudoestehoje.com.br\/novoportal\/wp-json\/wp\/v2\/media\/113797"}],"wp:attachment":[{"href":"https:\/\/www.sudoestehoje.com.br\/novoportal\/wp-json\/wp\/v2\/media?parent=113796"}],"wp:term":[{"taxonomy":"category","embeddable":true,"href":"https:\/\/www.sudoestehoje.com.br\/novoportal\/wp-json\/wp\/v2\/categories?post=113796"},{"taxonomy":"post_tag","embeddable":true,"href":"https:\/\/www.sudoestehoje.com.br\/novoportal\/wp-json\/wp\/v2\/tags?post=113796"}],"curies":[{"name":"wp","href":"https:\/\/api.w.org\/{rel}","templated":true}]}}