
{"id":113792,"date":"2023-11-13T10:26:01","date_gmt":"2023-11-13T13:26:01","guid":{"rendered":"https:\/\/www.sudoestehoje.com.br\/novoportal\/?p=113792"},"modified":"2023-11-13T10:26:01","modified_gmt":"2023-11-13T13:26:01","slug":"pedro-tavares-apresenta-projeto-de-lei-que-preve-medidas-de-apoio-a-saude-mental-dos-servidores","status":"publish","type":"post","link":"https:\/\/www.sudoestehoje.com.br\/novoportal\/2023\/11\/13\/pedro-tavares-apresenta-projeto-de-lei-que-preve-medidas-de-apoio-a-saude-mental-dos-servidores\/","title":{"rendered":"PEDRO TAVARES APRESENTA PROJETO DE LEI QUE PREV\u00ca MEDIDAS DE APOIO \u00c0 SA\u00daDE MENTAL DOS SERVIDORES"},"content":{"rendered":"<p><img loading=\"lazy\" decoding=\"async\" class=\"alignnone  wp-image-113793\" src=\"https:\/\/www.sudoestehoje.com.br\/novoportal\/wp-content\/uploads\/2023\/11\/PEDRO-TV-600x338.jpg\" alt=\"\" width=\"550\" height=\"310\" srcset=\"https:\/\/www.sudoestehoje.com.br\/novoportal\/wp-content\/uploads\/2023\/11\/PEDRO-TV-600x338.jpg 600w, https:\/\/www.sudoestehoje.com.br\/novoportal\/wp-content\/uploads\/2023\/11\/PEDRO-TV-700x394.jpg 700w, https:\/\/www.sudoestehoje.com.br\/novoportal\/wp-content\/uploads\/2023\/11\/PEDRO-TV-768x432.jpg 768w, https:\/\/www.sudoestehoje.com.br\/novoportal\/wp-content\/uploads\/2023\/11\/PEDRO-TV.jpg 951w\" sizes=\"auto, (max-width: 550px) 100vw, 550px\" \/><\/p>\n<p><strong>Diante da crescente discuss\u00e3o sobre a import\u00e2ncia do completo bem-estar f\u00edsico, mental e social das pessoas e a divulga\u00e7\u00e3o frequente de casos de transtornos mentais, o deputado estadual Pedro Tavares (Uni\u00e3o Brasil), apresentou projeto de lei que prev\u00ea medidas de apoio \u00e0 sa\u00fade mental dos servidores p\u00fablicos do estado. A proposta tem o objetivo de promover a\u00e7\u00f5es de preven\u00e7\u00e3o, conscientiza\u00e7\u00e3o, acompanhamento e tratamento da sa\u00fade, visando atender os funcion\u00e1rios p\u00fablicos efetivos, est\u00e1veis, ocupantes de fun\u00e7\u00e3o ou atividade e contratados.<\/strong><\/p>\n<p><strong>No projeto apresentado na Assembleia Legislativa da Bahia, o parlamentar destaca como diretrizes: a promo\u00e7\u00e3o de campanhas de conscientiza\u00e7\u00e3o sobre a sa\u00fade mental no ambiente de trabalho, a cria\u00e7\u00e3o de programas de forma\u00e7\u00e3o e capacita\u00e7\u00e3o de gestores sobre o manejo de situa\u00e7\u00f5es referentes ao assunto, a implementa\u00e7\u00e3o de medidas para redu\u00e7\u00e3o de estresse, incluindo avalia\u00e7\u00e3o peri\u00f3dica dos fatores de risco psicossocial, a disponibiliza\u00e7\u00e3o de programas de suporte psicol\u00f3gico e psiqui\u00e1trico, incluindo atendimento presencial e remoto para servidores que necessitem de acompanhamento, entre outras a\u00e7\u00f5es. O deputado especifica que as despesas decorrentes ser\u00e3o por conta das dota\u00e7\u00f5es or\u00e7ament\u00e1rias pr\u00f3prias que ser\u00e3o suplementadas caso seja necess\u00e1rio.<\/strong><\/p>\n<p><strong>\u201cA nossa proposta visa criar uma pol\u00edtica de apoio, prote\u00e7\u00e3o e bem estar, reduzindo os riscos de transtornos ligados ao trabalho. Consideramos que seja muito importante a implementa\u00e7\u00e3o de medidas que visam \u00e0 promo\u00e7\u00e3o da sa\u00fade mental, lembrando que a preven\u00e7\u00e3o resulta al\u00e9m de um ambiente mais saud\u00e1vel, menores custos ao er\u00e1rio. Sabemos que a cada servidor afastado precisa haver uma substitui\u00e7\u00e3o ou a carga de trabalho acaba sendo redistribu\u00edda para outros colegas, ocasionando mais custos e sobrecarga para outros servidores, tornando essa situa\u00e7\u00e3o muito dif\u00edcil. Uma assist\u00eancia \u00e0 sa\u00fade mental torna-se cada vez mais relevante nos dias atuais, justificou\u201d.<\/strong><\/p>\n","protected":false},"excerpt":{"rendered":"<p>Diante da crescente discuss\u00e3o sobre a import\u00e2ncia do completo bem-estar f\u00edsico, mental e social das pessoas e a divulga\u00e7\u00e3o frequente de casos de transtornos mentais, o deputado estadual Pedro Tavares (Uni\u00e3o Brasil), apresentou projeto de lei que prev\u00ea medidas de apoio \u00e0 sa\u00fade mental dos servidores p\u00fablicos do estado. A proposta tem o objetivo de [&hellip;]<\/p>\n","protected":false},"author":2,"featured_media":113793,"comment_status":"closed","ping_status":"open","sticky":false,"template":"","format":"standard","meta":{"footnotes":"","_links_to":"","_links_to_target":""},"categories":[1],"tags":[],"class_list":["post-113792","post","type-post","status-publish","format-standard","has-post-thumbnail","hentry","category-geral"],"views":552,"_links":{"self":[{"href":"https:\/\/www.sudoestehoje.com.br\/novoportal\/wp-json\/wp\/v2\/posts\/113792","targetHints":{"allow":["GET"]}}],"collection":[{"href":"https:\/\/www.sudoestehoje.com.br\/novoportal\/wp-json\/wp\/v2\/posts"}],"about":[{"href":"https:\/\/www.sudoestehoje.com.br\/novoportal\/wp-json\/wp\/v2\/types\/post"}],"author":[{"embeddable":true,"href":"https:\/\/www.sudoestehoje.com.br\/novoportal\/wp-json\/wp\/v2\/users\/2"}],"replies":[{"embeddable":true,"href":"https:\/\/www.sudoestehoje.com.br\/novoportal\/wp-json\/wp\/v2\/comments?post=113792"}],"version-history":[{"count":1,"href":"https:\/\/www.sudoestehoje.com.br\/novoportal\/wp-json\/wp\/v2\/posts\/113792\/revisions"}],"predecessor-version":[{"id":113794,"href":"https:\/\/www.sudoestehoje.com.br\/novoportal\/wp-json\/wp\/v2\/posts\/113792\/revisions\/113794"}],"wp:featuredmedia":[{"embeddable":true,"href":"https:\/\/www.sudoestehoje.com.br\/novoportal\/wp-json\/wp\/v2\/media\/113793"}],"wp:attachment":[{"href":"https:\/\/www.sudoestehoje.com.br\/novoportal\/wp-json\/wp\/v2\/media?parent=113792"}],"wp:term":[{"taxonomy":"category","embeddable":true,"href":"https:\/\/www.sudoestehoje.com.br\/novoportal\/wp-json\/wp\/v2\/categories?post=113792"},{"taxonomy":"post_tag","embeddable":true,"href":"https:\/\/www.sudoestehoje.com.br\/novoportal\/wp-json\/wp\/v2\/tags?post=113792"}],"curies":[{"name":"wp","href":"https:\/\/api.w.org\/{rel}","templated":true}]}}