
{"id":113772,"date":"2023-11-13T08:00:10","date_gmt":"2023-11-13T11:00:10","guid":{"rendered":"https:\/\/www.sudoestehoje.com.br\/novoportal\/?p=113772"},"modified":"2023-11-13T08:42:30","modified_gmt":"2023-11-13T11:42:30","slug":"eleicoes-nome-de-dr-jose-otavio-e-cogitado-para-vice-em-eventual-chapa-com-mdb","status":"publish","type":"post","link":"https:\/\/www.sudoestehoje.com.br\/novoportal\/2023\/11\/13\/eleicoes-nome-de-dr-jose-otavio-e-cogitado-para-vice-em-eventual-chapa-com-mdb\/","title":{"rendered":"ELEI\u00c7\u00d5ES ITAPETINGA | NOME DE DR. JOS\u00c9 OT\u00c1VIO \u00c9 COGITADO PARA VICE EM EVENTUAL CHAPA COM MDB"},"content":{"rendered":"<p><img loading=\"lazy\" decoding=\"async\" class=\"alignnone wp-image-113776\" src=\"https:\/\/www.sudoestehoje.com.br\/novoportal\/wp-content\/uploads\/2023\/11\/michel-e-ze.jpg\" alt=\"\" width=\"549\" height=\"394\" \/><\/p>\n<p><strong>Nos bastidores e burburinhos pol\u00edticos de Itapetinga, sempre surgem nomes de personalidades importantes que poderiam figurar na disputa eleitoral, compondo as chapas majorit\u00e1rias e, at\u00e9 mesmo, as chapas proporcionais para vereadores.<\/strong><\/p>\n<p><strong>Nas cogita\u00e7\u00f5es para composi\u00e7\u00e3o de uma chapa potencialmente &#8216;imbat\u00edvel&#8217;, tendo Eduardo Hagge como prov\u00e1vel candidato a prefeito pelo MDB, o nome do ex-prefeito e m\u00e9dico Dr. Jos\u00e9 Ot\u00e1vio Curvelo vem sendo defendido por simpatizantes para figurar como vice, embora a decis\u00e3o seja ainda prematura, j\u00e1 que falta muito tempo para as conven\u00e7\u00f5es partid\u00e1rias.<\/strong><\/p>\n<p><strong>As cogita\u00e7\u00f5es de antigos eleitores e simpatizantes do renomado m\u00e9dico e pol\u00edtico s\u00e3o naturais e podem apontar um rumo para a continuidade da alian\u00e7a vitoriosa formada em 2016, que levou o MDB e DEM (Uni\u00e3o Brasil) \u00e0 prefeitura do munic\u00edpio em duas elei\u00e7\u00f5es consecutivas, com larga margem de votos.<\/strong><\/p>\n<p><strong>Repetir a alian\u00e7a, de acordo com colaboradores e militantes dos dois partidos, ainda \u00e9 fundamental.<\/strong><\/p>\n<p><strong>Por Davi Ferraz<\/strong><\/p>\n","protected":false},"excerpt":{"rendered":"<p>Nos bastidores e burburinhos pol\u00edticos de Itapetinga, sempre surgem nomes de personalidades importantes que poderiam figurar na disputa eleitoral, compondo as chapas majorit\u00e1rias e, at\u00e9 mesmo, as chapas proporcionais para vereadores. Nas cogita\u00e7\u00f5es para composi\u00e7\u00e3o de uma chapa potencialmente &#8216;imbat\u00edvel&#8217;, tendo Eduardo Hagge como prov\u00e1vel candidato a prefeito pelo MDB, o nome do ex-prefeito e [&hellip;]<\/p>\n","protected":false},"author":2,"featured_media":113776,"comment_status":"closed","ping_status":"open","sticky":false,"template":"","format":"standard","meta":{"footnotes":"","_links_to":"","_links_to_target":""},"categories":[1],"tags":[],"class_list":["post-113772","post","type-post","status-publish","format-standard","has-post-thumbnail","hentry","category-geral"],"views":1101,"_links":{"self":[{"href":"https:\/\/www.sudoestehoje.com.br\/novoportal\/wp-json\/wp\/v2\/posts\/113772","targetHints":{"allow":["GET"]}}],"collection":[{"href":"https:\/\/www.sudoestehoje.com.br\/novoportal\/wp-json\/wp\/v2\/posts"}],"about":[{"href":"https:\/\/www.sudoestehoje.com.br\/novoportal\/wp-json\/wp\/v2\/types\/post"}],"author":[{"embeddable":true,"href":"https:\/\/www.sudoestehoje.com.br\/novoportal\/wp-json\/wp\/v2\/users\/2"}],"replies":[{"embeddable":true,"href":"https:\/\/www.sudoestehoje.com.br\/novoportal\/wp-json\/wp\/v2\/comments?post=113772"}],"version-history":[{"count":6,"href":"https:\/\/www.sudoestehoje.com.br\/novoportal\/wp-json\/wp\/v2\/posts\/113772\/revisions"}],"predecessor-version":[{"id":113779,"href":"https:\/\/www.sudoestehoje.com.br\/novoportal\/wp-json\/wp\/v2\/posts\/113772\/revisions\/113779"}],"wp:featuredmedia":[{"embeddable":true,"href":"https:\/\/www.sudoestehoje.com.br\/novoportal\/wp-json\/wp\/v2\/media\/113776"}],"wp:attachment":[{"href":"https:\/\/www.sudoestehoje.com.br\/novoportal\/wp-json\/wp\/v2\/media?parent=113772"}],"wp:term":[{"taxonomy":"category","embeddable":true,"href":"https:\/\/www.sudoestehoje.com.br\/novoportal\/wp-json\/wp\/v2\/categories?post=113772"},{"taxonomy":"post_tag","embeddable":true,"href":"https:\/\/www.sudoestehoje.com.br\/novoportal\/wp-json\/wp\/v2\/tags?post=113772"}],"curies":[{"name":"wp","href":"https:\/\/api.w.org\/{rel}","templated":true}]}}